{"id":154291,"date":"2025-10-28T08:39:29","date_gmt":"2025-10-28T11:39:29","guid":{"rendered":"https:\/\/vinasfm.com\/noticias\/?p=154291"},"modified":"2025-10-29T09:22:09","modified_gmt":"2025-10-29T12:22:09","slug":"cornejo-destaco-la-importancia-de-sostener-el-rumbo-economico-y-fortalecer-el-dialogo-institucional-para-el-crecimiento-de-mendoza","status":"publish","type":"post","link":"https:\/\/vinasfm.com\/noticias\/cornejo-destaco-la-importancia-de-sostener-el-rumbo-economico-y-fortalecer-el-dialogo-institucional-para-el-crecimiento-de-mendoza\/","title":{"rendered":"CORNEJO DESTAC\u00d3 LA IMPORTANCIA DE SOSTENER EL RUMBO ECON\u00d3MICO Y FORTALECER EL DI\u00c1LOGO INSTITUCIONAL PARA EL CRECIMIENTO DE MENDOZA"},"content":{"rendered":"<h4><span style=\"color: #003300;\"><strong>Tambi\u00e9n subray\u00f3 la necesidad de consolidar un clima de estabilidad macroecon\u00f3mica, reglas de juego claras y financiamiento para la producci\u00f3n. Adem\u00e1s, valor\u00f3 la apertura al di\u00e1logo expresada por el Presidente y reafirm\u00f3 su compromiso con el desarrollo de Mendoza.<\/strong><\/span><\/h4>\n<p>En conferencia de prensa, el<span style=\"color: #003366;\"><strong> Gobernador Alfredo Cornejo<\/strong><\/span> analiz\u00f3 el panorama nacional y provincial posterior a los comicios celebrados este domingo. Destac\u00f3 la oportunidad de consolidar un escenario econ\u00f3mico estable, con crecimiento del empleo, cr\u00e9dito productivo y coordinaci\u00f3n entre los distintos niveles del Estado. As\u00ed, se\u00f1al\u00f3 que <em><strong>\u201cla econom\u00eda debe empezar a dar resultados en el metro cuadrado de las personas. Ayer el Gobierno nacional ha recibido un voto de confianza, y hay que hacer bien esa lectura, no volver a cometer errores\u201d<\/strong><\/em>, afirm\u00f3 al referirse al mensaje expresado por la ciudadan\u00eda.<\/p>\n<p>El mandatario provincial hizo especial hincapi\u00e9 en la necesidad de sostener el rumbo econ\u00f3mico y generar condiciones estables para la inversi\u00f3n y el empleo. Explic\u00f3 que <em><strong>\u201ctiene que crecer el empleo\u201d<\/strong><\/em>, a lo que a\u00f1adi\u00f3 que <em><strong>\u201ctiene que haber mucho cr\u00e9dito. Si no hay financiamiento para las empresas y las personas, no va a haber crecimiento econ\u00f3mico genuino\u201d.<\/strong><\/em><\/p>\n<p>En este sentido, el gobernador mendocino sostuvo:<em><strong> \u201cEn mi caso, estoy abierto a contribuir a lograr esas cosas. Primero, porque el pa\u00eds lo necesita; y segundo, porque Mendoza necesita financiamiento y reglas de juego claras para crecer\u201d.<\/strong><\/em><\/p>\n<p>Cornejo tambi\u00e9n valor\u00f3 el mensaje del Presidente Javier Milei, al que calific\u00f3 como un gesto positivo hacia el di\u00e1logo entre los distintos poderes y jurisdicciones. <strong><em>\u201cHay que alinear los intereses econ\u00f3micos de las provincias con los de la Naci\u00f3n, m\u00e1s que los intereses partidarios. El pa\u00eds necesita estabilizarse\u201d<\/em><\/strong>, afirm\u00f3.<\/p>\n<p>El Gobernador sostuvo que Mendoza seguir\u00e1 apostando a su diversificaci\u00f3n productiva y a la competitividad de sus sectores estrat\u00e9gicos, como la vitivinicultura, el turismo y la miner\u00eda sustentable. Explic\u00f3 que los mendocinos <em><strong>\u201cestamos preparados para competir, pero necesitamos reglas de juego claras\u201d.<\/strong><\/em><\/p>\n<p>Asimismo, se\u00f1al\u00f3 que <em><strong>\u201cla vitivinicultura mendocina puede ganar m\u00e1s mercados en el mundo con una estrategia comercial m\u00e1s agresiva. En turismo, crecimos mucho en los \u00faltimos a\u00f1os, pero tenemos que mantener un tipo de cambio adecuado y seguir fortaleciendo la conectividad\u201d.<\/strong><\/em><\/p>\n<p>Luego, Cornejo tambi\u00e9n explic\u00f3 detalles sobre otra de las matrices productivas de la provincia. <em><strong>\u201cQueremos hacer miner\u00eda de cobre, lo queremos hacer, pero necesitamos financiamiento y reglas claras. No solo Mendoza, toda la Argentina necesita previsibilidad para que esos proyectos se concreten\u201d.<\/strong><\/em><\/p>\n<p>Consultado sobre la evoluci\u00f3n econ\u00f3mica y los mercados, el mandatario se\u00f1al\u00f3 que las se\u00f1ales de confianza deben traducirse en mejoras concretas para las familias y las pymes, al mencionar que<em><strong> \u201ces muy bueno que est\u00e9n bajando las tasas de inter\u00e9s, son chances para tomar cr\u00e9dito\u201d<\/strong><\/em>. A esto a\u00f1adi\u00f3 que el dato <em><strong>\u201cque quiero ver es que los bancos empiecen a prestar m\u00e1s dinero a las pymes\u201d.<\/strong><\/em><\/p>\n<p>En este sentido, consider\u00f3 que <em><strong>\u201csi la Argentina logra bajar el riesgo pa\u00eds y acceder a cr\u00e9dito internacional, eso se va a trasladar a las personas. Tengo la esperanza de que en seis o siete meses podamos ver resultados positivos en el metro cuadrado de la gente\u201d.<\/strong><\/em><\/p>\n<p>Asimismo, destac\u00f3 el compromiso de Mendoza con la responsabilidad institucional y el orden fiscal, pilares sobre los que se apoya el crecimiento provincial. <em><strong>\u201cMendoza ha sido reconocida como una provincia bien administrada. Queremos mantener este acuerdo institucional que garantiza estabilidad y desarrollo. Mendoza es el faro al que debe mirarse la Argentina\u201d<\/strong><\/em>, sostuvo.<\/p>\n<p>En otro tramo, Cornejo enfatiz\u00f3 sobre la importancia del trabajo conjunto entre Naci\u00f3n y provincias para consolidar la recuperaci\u00f3n econ\u00f3mica afirmando que<em><strong> \u201chay mucho trabajo pol\u00edtico por hacer\u201d<\/strong> <\/em>y que el objetivo debe ser <em><strong>\u201calinear esfuerzos para que la econom\u00eda argentina crezca de manera sostenida y con equidad federal\u201d.<\/strong><\/em><\/p>\n","protected":false},"excerpt":{"rendered":"<p>Tambi\u00e9n subray\u00f3 la necesidad de consolidar un clima de estabilidad macroecon\u00f3mica, reglas de juego claras y financiamiento para la producci\u00f3n. Adem\u00e1s, &#8230;<\/p>\n","protected":false},"author":7,"featured_media":154292,"comment_status":"open","ping_status":"open","sticky":false,"template":"","format":"standard","meta":{"footnotes":""},"categories":[10,77],"tags":[],"class_list":["post-154291","post","type-post","status-publish","format-standard","has-post-thumbnail","hentry","category-destacadas","category-gobierno"],"_links":{"self":[{"href":"https:\/\/vinasfm.com\/noticias\/wp-json\/wp\/v2\/posts\/154291","targetHints":{"allow":["GET"]}}],"collection":[{"href":"https:\/\/vinasfm.com\/noticias\/wp-json\/wp\/v2\/posts"}],"about":[{"href":"https:\/\/vinasfm.com\/noticias\/wp-json\/wp\/v2\/types\/post"}],"author":[{"embeddable":true,"href":"https:\/\/vinasfm.com\/noticias\/wp-json\/wp\/v2\/users\/7"}],"replies":[{"embeddable":true,"href":"https:\/\/vinasfm.com\/noticias\/wp-json\/wp\/v2\/comments?post=154291"}],"version-history":[{"count":1,"href":"https:\/\/vinasfm.com\/noticias\/wp-json\/wp\/v2\/posts\/154291\/revisions"}],"predecessor-version":[{"id":154293,"href":"https:\/\/vinasfm.com\/noticias\/wp-json\/wp\/v2\/posts\/154291\/revisions\/154293"}],"wp:featuredmedia":[{"embeddable":true,"href":"https:\/\/vinasfm.com\/noticias\/wp-json\/wp\/v2\/media\/154292"}],"wp:attachment":[{"href":"https:\/\/vinasfm.com\/noticias\/wp-json\/wp\/v2\/media?parent=154291"}],"wp:term":[{"taxonomy":"category","embeddable":true,"href":"https:\/\/vinasfm.com\/noticias\/wp-json\/wp\/v2\/categories?post=154291"},{"taxonomy":"post_tag","embeddable":true,"href":"https:\/\/vinasfm.com\/noticias\/wp-json\/wp\/v2\/tags?post=154291"}],"curies":[{"name":"wp","href":"https:\/\/api.w.org\/{rel}","templated":true}]}}