{"id":154278,"date":"2025-10-27T10:55:26","date_gmt":"2025-10-27T13:55:26","guid":{"rendered":"https:\/\/vinasfm.com\/noticias\/?p=154278"},"modified":"2025-10-27T11:06:50","modified_gmt":"2025-10-27T14:06:50","slug":"el-instituto-san-antonio-sera-anfitrion-del-decimo-congreso-de-educacion","status":"publish","type":"post","link":"https:\/\/vinasfm.com\/noticias\/el-instituto-san-antonio-sera-anfitrion-del-decimo-congreso-de-educacion\/","title":{"rendered":"EL INSTITUTO SAN ANTONIO SER\u00c1 ANFITRI\u00d3N DEL D\u00c9CIMO CONGRESO DE EDUCACI\u00d3N"},"content":{"rendered":"<h4>El ISA llevar\u00e1 adelante la d\u00e9cima edici\u00f3n del Congreso de Educaci\u00f3n, un evento que ya se ha convertido en un cl\u00e1sico dentro del calendario acad\u00e9mico del departamento.<\/h4>\n<p>Esta nueva edici\u00f3n se realizar\u00e1 los d\u00edas 30 y 31 de octubre, a partir de las 18:30 hs, en la Delegaci\u00f3n del Consejo de Ciencias Econ\u00f3micas, ubicada en Paso de los Andes 576.<\/p>\n<p><strong><span style=\"color: #993366;\">Mart\u00edn Honorato<\/span><\/strong>, profesor del nivel superior en di\u00e1logo con <strong><span style=\"color: #993366;\">FM VI\u00d1AS<\/span><\/strong> destaco la importancia de estos congresos destinados a todo el p\u00fablico : <em><strong>&#8216;General Alvear es pionero en este tipo de iniciativas, este a\u00f1o contaremos con excelentes disertantes y tem\u00e1ticas que atraviesan la realidad educativa actual&#8217;<\/strong><\/em>.<\/p>\n<p>El Congreso cuenta con puntaje oficial otorgado por la Direcci\u00f3n General de Escuelas, y un n\u00famero de resoluci\u00f3n correspondiente.<\/p>\n<p>La inscripci\u00f3n se realiza a trav\u00e9s del sitio web <a href=\"https:\/\/congreso.isaalvear.edu.ar\/inscripciones\">https:\/\/congreso.isaalvear.edu.ar\/inscripciones<\/a><\/p>\n<p>Los valores son de <strong><span style=\"color: #993366;\">$10.000<\/span><\/strong> para la modalidad presencial y <strong><span style=\"color: #993366;\">$15.000<\/span><\/strong> para la virtual.<\/p>\n<p>Adem\u00e1s <strong><span style=\"color: #993366;\">Mart\u00edn<\/span><\/strong> inform\u00f3 que contin\u00faan abiertas las inscripciones para las carreras de <strong><span style=\"color: #993366;\">Profesorado de Educaci\u00f3n Primaria<\/span><\/strong> y <strong><span style=\"color: #993366;\">Profesorado de Educaci\u00f3n Especial<\/span><\/strong>:<em><strong> &#8216;animarse a estudiar siempre es una buena decisi\u00f3n, tenemos alumnos que comenzaron su formaci\u00f3n con m\u00e1s de 40 a\u00f1os y descubrieron una vocaci\u00f3n que transforma&#8217;<\/strong><\/em>.<\/p>\n","protected":false},"excerpt":{"rendered":"<p>El ISA llevar\u00e1 adelante la d\u00e9cima edici\u00f3n del Congreso de Educaci\u00f3n, un evento que ya se ha convertido en un cl\u00e1sico &#8230;<\/p>\n","protected":false},"author":7,"featured_media":154279,"comment_status":"open","ping_status":"open","sticky":false,"template":"","format":"standard","meta":{"footnotes":""},"categories":[1],"tags":[],"class_list":["post-154278","post","type-post","status-publish","format-standard","has-post-thumbnail","hentry","category-fmvinas"],"_links":{"self":[{"href":"https:\/\/vinasfm.com\/noticias\/wp-json\/wp\/v2\/posts\/154278","targetHints":{"allow":["GET"]}}],"collection":[{"href":"https:\/\/vinasfm.com\/noticias\/wp-json\/wp\/v2\/posts"}],"about":[{"href":"https:\/\/vinasfm.com\/noticias\/wp-json\/wp\/v2\/types\/post"}],"author":[{"embeddable":true,"href":"https:\/\/vinasfm.com\/noticias\/wp-json\/wp\/v2\/users\/7"}],"replies":[{"embeddable":true,"href":"https:\/\/vinasfm.com\/noticias\/wp-json\/wp\/v2\/comments?post=154278"}],"version-history":[{"count":2,"href":"https:\/\/vinasfm.com\/noticias\/wp-json\/wp\/v2\/posts\/154278\/revisions"}],"predecessor-version":[{"id":154283,"href":"https:\/\/vinasfm.com\/noticias\/wp-json\/wp\/v2\/posts\/154278\/revisions\/154283"}],"wp:featuredmedia":[{"embeddable":true,"href":"https:\/\/vinasfm.com\/noticias\/wp-json\/wp\/v2\/media\/154279"}],"wp:attachment":[{"href":"https:\/\/vinasfm.com\/noticias\/wp-json\/wp\/v2\/media?parent=154278"}],"wp:term":[{"taxonomy":"category","embeddable":true,"href":"https:\/\/vinasfm.com\/noticias\/wp-json\/wp\/v2\/categories?post=154278"},{"taxonomy":"post_tag","embeddable":true,"href":"https:\/\/vinasfm.com\/noticias\/wp-json\/wp\/v2\/tags?post=154278"}],"curies":[{"name":"wp","href":"https:\/\/api.w.org\/{rel}","templated":true}]}}