{"id":154271,"date":"2025-10-26T20:23:17","date_gmt":"2025-10-26T23:23:17","guid":{"rendered":"https:\/\/vinasfm.com\/noticias\/?p=154271"},"modified":"2025-10-27T09:26:57","modified_gmt":"2025-10-27T12:26:57","slug":"este-lunes-las-clases-se-desarollan-con-total-normalidad","status":"publish","type":"post","link":"https:\/\/vinasfm.com\/noticias\/este-lunes-las-clases-se-desarollan-con-total-normalidad\/","title":{"rendered":"ESTE LUNES LAS CLASES SE DESAROLLAN CON TOTAL NORMALIDAD"},"content":{"rendered":"<h4><span style=\"color: #003300;\"><strong>El operativo de limpieza y desinfecci\u00f3n se ha desarrollado despu\u00e9s de las elecciones de este domingo, a fin de que este 27 de octubre se pueda brindar el servicio educativo regularmente en toda la provincia de Mendoza.<\/strong><\/span><\/h4>\n<p>Mendoza mantendr\u00e1 en funcionamiento su servicio educativo con total normalidad luego de las elecciones legislativas nacionales, provinciales y para concejales en 12 municipios que se han desarrollado este domingo.<\/p>\n<p>La Provincia lleva adelante una pol\u00edtica de gesti\u00f3n para asegurar el cumplimiento efectivo de los d\u00edas de clases previstos en cada calendario escolar. <strong>Desde 2017, en Mendoza, no se pierden jornadas luego de un proceso eleccionario.<\/strong> En aquella oportunidad, <strong>comenz\u00f3 a implementarse un operativo de limpieza y desinfecci\u00f3n el mismo d\u00eda en que se desarrollaron los comicios con el fin de que los estudiantes pudieran asistir a clases el d\u00eda siguiente.<\/strong><\/p>\n<p>El Ministerio de Educaci\u00f3n, Cultura, Infancias y DGE inform\u00f3 que <strong>durante los comicios que se desarrollaron en la provincia de Mendoza durante este domingo hubo 644 escuelas distribuidas en todos los departamentos.<\/strong><\/p>\n<p>Fueron afectados 1.932 celadores para las tareas de higiene y limpieza, con el fin de que este lunes 27 de octubre se brinde el servicio educativo con normalidad en todas las escuelas de la provincia y en todos sus niveles y modalidades.<\/p>\n<p>Por estas labores del fin de semana, los agentes ser\u00e1n remunerados con el \u00edtem Elecciones.<strong> Los ordenanzas y celadores percibir\u00e1n 40.000 pesos por la apertura y recepci\u00f3n de material eleccionario del s\u00e1bado; mientras que por las funciones durante el domingo ser\u00e1n 50.000 pesos para directores y celadores.<\/strong> Adem\u00e1s, los celadores recibir\u00e1n 30.000 pesos por el trabajo realizado en las previas jornadas de simulacro y transmisi\u00f3n de datos.<\/p>\n","protected":false},"excerpt":{"rendered":"<p>El operativo de limpieza y desinfecci\u00f3n se ha desarrollado despu\u00e9s de las elecciones de este domingo, a fin de que este &#8230;<\/p>\n","protected":false},"author":7,"featured_media":154272,"comment_status":"open","ping_status":"open","sticky":false,"template":"","format":"standard","meta":{"footnotes":""},"categories":[1],"tags":[],"class_list":["post-154271","post","type-post","status-publish","format-standard","has-post-thumbnail","hentry","category-fmvinas"],"_links":{"self":[{"href":"https:\/\/vinasfm.com\/noticias\/wp-json\/wp\/v2\/posts\/154271","targetHints":{"allow":["GET"]}}],"collection":[{"href":"https:\/\/vinasfm.com\/noticias\/wp-json\/wp\/v2\/posts"}],"about":[{"href":"https:\/\/vinasfm.com\/noticias\/wp-json\/wp\/v2\/types\/post"}],"author":[{"embeddable":true,"href":"https:\/\/vinasfm.com\/noticias\/wp-json\/wp\/v2\/users\/7"}],"replies":[{"embeddable":true,"href":"https:\/\/vinasfm.com\/noticias\/wp-json\/wp\/v2\/comments?post=154271"}],"version-history":[{"count":1,"href":"https:\/\/vinasfm.com\/noticias\/wp-json\/wp\/v2\/posts\/154271\/revisions"}],"predecessor-version":[{"id":154273,"href":"https:\/\/vinasfm.com\/noticias\/wp-json\/wp\/v2\/posts\/154271\/revisions\/154273"}],"wp:featuredmedia":[{"embeddable":true,"href":"https:\/\/vinasfm.com\/noticias\/wp-json\/wp\/v2\/media\/154272"}],"wp:attachment":[{"href":"https:\/\/vinasfm.com\/noticias\/wp-json\/wp\/v2\/media?parent=154271"}],"wp:term":[{"taxonomy":"category","embeddable":true,"href":"https:\/\/vinasfm.com\/noticias\/wp-json\/wp\/v2\/categories?post=154271"},{"taxonomy":"post_tag","embeddable":true,"href":"https:\/\/vinasfm.com\/noticias\/wp-json\/wp\/v2\/tags?post=154271"}],"curies":[{"name":"wp","href":"https:\/\/api.w.org\/{rel}","templated":true}]}}