{"id":154266,"date":"2025-10-27T09:15:53","date_gmt":"2025-10-27T12:15:53","guid":{"rendered":"https:\/\/vinasfm.com\/noticias\/?p=154266"},"modified":"2025-10-28T12:26:24","modified_gmt":"2025-10-28T15:26:24","slug":"oscar-bonardel-representara-al-justicialismo-en-el-concejo-deliberante","status":"publish","type":"post","link":"https:\/\/vinasfm.com\/noticias\/oscar-bonardel-representara-al-justicialismo-en-el-concejo-deliberante\/","title":{"rendered":"OSCAR BONARDEL REPRESENTAR\u00c1 AL JUSTICIALISMO EN EL CONCEJO DELIBERANTE"},"content":{"rendered":"<h4><span style=\"color: #003300;\"><strong>Durante las elecciones legislativas, los argentinos participaron activamente para elegir a sus nuevos representantes.<\/strong><\/span><\/h4>\n<p>Si bien esta oportunidad, se <strong>renovaron 5 bancas en la C\u00e1mara de Diputados de la Naci\u00f3n, 24 diputaciones y 19 senadur\u00edas provinciales<\/strong>, distribuidas entre los cuatro distritos electorales; en el caso de <strong>General Alvear<\/strong>, junto a otros 11 departamentos, los ciudadanos tambi\u00e9n <strong>eligieron la mitad de los integrantes del Honorable Concejo Deliberante<\/strong>, dando forma a un nuevo panorama pol\u00edtico local.<\/p>\n<p>La jornada electoral se desarroll\u00f3 con normalidad entre las <strong>8:00 y las 18:00<\/strong>, con una amplia participaci\u00f3n del electorado alvearense. Seg\u00fan los resultados del escrutinio, el <strong>Frente La Libertad Avanza + Cambia Mendoza<\/strong> obtuvo un <strong>contundente triunfo<\/strong>, logrando <strong>cuatro de las cinco bancas en disputa<\/strong>, mientras que la quinta qued\u00f3 en manos de la oposici\u00f3n, representada por <span style=\"color: #003300;\"><strong>Oscar Bonardel<\/strong><\/span>, de <strong>Fuerza Justicialista Mendoza<\/strong>.<\/p>\n<p data-start=\"1175\" data-end=\"1267\">En di\u00e1logo con la prensa, Bonardel manifest\u00f3 su satisfacci\u00f3n por los resultados obtenidos:<em><strong> \u201cEstamos viendo que el justicialismo ha recuperado casi el 100% de los votos con respecto a la elecci\u00f3n anterior en la categor\u00eda de concejales. Ten\u00edamos 2.800 votos y hoy estamos llegando a los 5.600. En ese sentido, estamos muy satisfechos por el trabajo realizado durante estos dos meses\u201d.<\/strong><\/em><\/p>\n<p data-start=\"1565\" data-end=\"1688\">El dirigente se\u00f1al\u00f3 que este crecimiento electoral refuerza el compromiso del espacio con vistas a los pr\u00f3ximos comicios: <em><strong>\u201cNuestro trabajo siempre se fij\u00f3 en base a un objetivo, que es el 2027. Este resultado nos da fuerza porque hemos recuperado m\u00e1s del 100% de los votos obtenidos en las \u00faltimas elecciones. El repunte que hemos tenido nos impulsa a seguir trabajando y dialogando con la gente, que es lo que nos da esperanza para el futuro\u201d.<\/strong><\/em><\/p>\n<p data-start=\"2017\" data-end=\"2244\" data-is-last-node=\"\" data-is-only-node=\"\">De esta manera, el justicialismo <strong data-start=\"2050\" data-end=\"2127\">vuelve a tener representaci\u00f3n en el Concejo Deliberante de General Alvear<\/strong>, consolidando su presencia institucional y preparando el camino hacia los desaf\u00edos electorales de los pr\u00f3ximos a\u00f1os.<\/p>\n","protected":false},"excerpt":{"rendered":"<p>Durante las elecciones legislativas, los argentinos participaron activamente para elegir a sus nuevos representantes. Si bien esta oportunidad, se renovaron 5 &#8230;<\/p>\n","protected":false},"author":7,"featured_media":154265,"comment_status":"open","ping_status":"open","sticky":false,"template":"","format":"standard","meta":{"footnotes":""},"categories":[26,7],"tags":[],"class_list":["post-154266","post","type-post","status-publish","format-standard","has-post-thumbnail","hentry","category-hcd","category-politica"],"_links":{"self":[{"href":"https:\/\/vinasfm.com\/noticias\/wp-json\/wp\/v2\/posts\/154266","targetHints":{"allow":["GET"]}}],"collection":[{"href":"https:\/\/vinasfm.com\/noticias\/wp-json\/wp\/v2\/posts"}],"about":[{"href":"https:\/\/vinasfm.com\/noticias\/wp-json\/wp\/v2\/types\/post"}],"author":[{"embeddable":true,"href":"https:\/\/vinasfm.com\/noticias\/wp-json\/wp\/v2\/users\/7"}],"replies":[{"embeddable":true,"href":"https:\/\/vinasfm.com\/noticias\/wp-json\/wp\/v2\/comments?post=154266"}],"version-history":[{"count":2,"href":"https:\/\/vinasfm.com\/noticias\/wp-json\/wp\/v2\/posts\/154266\/revisions"}],"predecessor-version":[{"id":154325,"href":"https:\/\/vinasfm.com\/noticias\/wp-json\/wp\/v2\/posts\/154266\/revisions\/154325"}],"wp:featuredmedia":[{"embeddable":true,"href":"https:\/\/vinasfm.com\/noticias\/wp-json\/wp\/v2\/media\/154265"}],"wp:attachment":[{"href":"https:\/\/vinasfm.com\/noticias\/wp-json\/wp\/v2\/media?parent=154266"}],"wp:term":[{"taxonomy":"category","embeddable":true,"href":"https:\/\/vinasfm.com\/noticias\/wp-json\/wp\/v2\/categories?post=154266"},{"taxonomy":"post_tag","embeddable":true,"href":"https:\/\/vinasfm.com\/noticias\/wp-json\/wp\/v2\/tags?post=154266"}],"curies":[{"name":"wp","href":"https:\/\/api.w.org\/{rel}","templated":true}]}}