{"id":154256,"date":"2025-10-27T08:49:52","date_gmt":"2025-10-27T11:49:52","guid":{"rendered":"https:\/\/vinasfm.com\/noticias\/?p=154256"},"modified":"2025-10-28T10:01:53","modified_gmt":"2025-10-28T13:01:53","slug":"amplio-triunfo-de-lla-cambia-mendoza-en-general-alvear-molero-celebro-junto-a-los-candidatos-electos-y-llamo-a-redoblar-esfuerzos","status":"publish","type":"post","link":"https:\/\/vinasfm.com\/noticias\/amplio-triunfo-de-lla-cambia-mendoza-en-general-alvear-molero-celebro-junto-a-los-candidatos-electos-y-llamo-a-redoblar-esfuerzos\/","title":{"rendered":"AMPLIO TRIUNFO DE LLA + CAMBIA MENDOZA EN GENERAL ALVEAR: MOLERO CELEBR\u00d3 JUNTO A LOS CANDIDATOS ELECTOS Y LLAM\u00d3 A \u201cREDOBLAR ESFUERZOS\u201d"},"content":{"rendered":"<h4><span style=\"color: #003300;\"><strong>Durante la jornada electoral de 2025, los argentinos acudieron a las urnas para elegir a sus nuevos representantes. <\/strong><\/span><\/h4>\n<p>En total, se <strong>votaron 5 diputados nacionales, 24 diputados y 19 senadores provinciales<\/strong>, distribuidos entre los cuatro distritos electorales. En tanto, <strong>en General Alvear y en otros 11 departamentos<\/strong>, los ciudadanos <strong>renovaron la mitad de las bancas del Concejo Deliberante<\/strong>, definiendo as\u00ed un nuevo mapa pol\u00edtico en la provincia.<\/p>\n<p>Desde la <strong>sede local de la UCR<\/strong>, el <span style=\"color: #003366;\"><strong>intendente Alejandro Molero<\/strong> <\/span>celebr\u00f3 junto a los candidatos ganadores de Cambia Mendoza, entre ellos <span style=\"color: #003366;\"><strong>Alejandra Torti<\/strong><\/span><em> (diputada provincial electa)<\/em>, <span style=\"color: #003366;\"><strong>Marcos Domenech<\/strong><\/span> <em>(concejal electo)<\/em> y <span style=\"color: #003366;\"><strong>V\u00edctor Garc\u00eda<\/strong><\/span> <em>(concejal electo)<\/em>. En di\u00e1logo con <span style=\"color: #993366;\"><strong>FM VI\u00d1AS<\/strong><\/span>, los referentes expresaron su alegr\u00eda por los resultados y su compromiso de continuar trabajando por el departamento.<\/p>\n<p>Molero destac\u00f3 la magnitud del respaldo recibido: <strong><em>\u201cFelices, pero por sobre todas las cosas comprometidos. La gente ha elegido entre modelos de gobierno y ha ratificado el rumbo en lo nacional y provincial. Nos han dicho que hay cosas por mejorar, pero tambi\u00e9n que hay que continuar con lo que se ha hecho bien. Por eso, nuestro compromiso es trabajar el doble, profesionalizarnos y mejorar continuamente\u201d.<\/em><\/strong><\/p>\n<p>El jefe comunal tambi\u00e9n se refiri\u00f3 al resultado obtenido en el <strong>cuarto distrito electoral<\/strong>, calific\u00e1ndolo como <em><strong>\u201cimpensado para muchos\u201d.<\/strong> <strong>\u201cSan Rafael ha dicho basta, quiere modificar la historia y poner al agro y a las econom\u00edas regionales de pie. Es un cambio profundo que marca el rumbo pol\u00edtico del sur mendocino\u201d<\/strong><\/em>, manifest\u00f3.<\/p>\n<p>En ese sentido, agreg\u00f3 que el apoyo obtenido en la provincia consolida el rumbo del gobierno. <em><strong>\u201cMendoza es un ejemplo para el pa\u00eds: tiene un presupuesto equilibrado, respeto institucional y servicios p\u00fablicos fortalecidos. Las transformaciones llevan tiempo, pero estamos convencidos de que no hay otro camino que el esfuerzo compartido para sacar adelante a la Argentina\u201d<\/strong><\/em>, cerr\u00f3.<\/p>\n<p><a href=\"https:\/\/vinasfm.com\/noticias\/wp-content\/uploads\/2025\/10\/IMG-20251026-WA0095.jpg\"><img loading=\"lazy\" decoding=\"async\" class=\"wp-image-154259 aligncenter\" src=\"https:\/\/vinasfm.com\/noticias\/wp-content\/uploads\/2025\/10\/IMG-20251026-WA0095-1024x577.jpg\" alt=\"\" width=\"600\" height=\"338\" srcset=\"https:\/\/vinasfm.com\/noticias\/wp-content\/uploads\/2025\/10\/IMG-20251026-WA0095-1024x577.jpg 1024w, https:\/\/vinasfm.com\/noticias\/wp-content\/uploads\/2025\/10\/IMG-20251026-WA0095-300x169.jpg 300w, https:\/\/vinasfm.com\/noticias\/wp-content\/uploads\/2025\/10\/IMG-20251026-WA0095-768x432.jpg 768w, https:\/\/vinasfm.com\/noticias\/wp-content\/uploads\/2025\/10\/IMG-20251026-WA0095-1536x865.jpg 1536w, https:\/\/vinasfm.com\/noticias\/wp-content\/uploads\/2025\/10\/IMG-20251026-WA0095-1140x641.jpg 1140w, https:\/\/vinasfm.com\/noticias\/wp-content\/uploads\/2025\/10\/IMG-20251026-WA0095.jpg 1600w\" sizes=\"auto, (max-width: 600px) 100vw, 600px\" \/><\/a><\/p>\n<p>Por su parte, <strong>Alejandra Torti<\/strong> expres\u00f3 su satisfacci\u00f3n por el resultado: <em><strong>\u201cUna alegr\u00eda inmensa haber obtenido estos resultados, no solo en General Alvear, sino tambi\u00e9n en el cuarto distrito, donde se nos presentaba un desaf\u00edo. Hoy qued\u00f3 demostrado que los alvearenses y los sure\u00f1os eligieron otro rumbo. Ma\u00f1ana mismo salimos a trabajar de nuevo, redoblando esfuerzos y escuchando a quienes no nos acompa\u00f1aron\u201d.<\/strong><\/em><\/p>\n<p>El concejal electo <strong>Marcos Domenech<\/strong> coincidi\u00f3 en el compromiso con la gesti\u00f3n:<em><strong> \u201cEsto nos pone en una posici\u00f3n de mayor esfuerzo. Sentimos el respaldo de la gente durante la campa\u00f1a, y ahora debemos cumplir. El 4 a 1 nos sorprende, pero tambi\u00e9n fue el resultado de mucho trabajo y una lista representativa de todos los sectores de Alvear\u201d.<\/strong><\/em><\/p>\n<p>Visiblemente emocionado, <strong>V\u00edctor Garc\u00eda<\/strong> agradeci\u00f3 el apoyo recibido: <em><strong>\u201cNo me lo esperaba. Ha sido una sorpresa enorme. Agradezco al intendente y a este grupo de amigos que trabaj\u00f3 incansablemente. Hemos recorrido todo General Alvear y sentimos el cari\u00f1o de la gente en cada rinc\u00f3n. Tenemos la camiseta puesta del departamento y estamos convencidos de lo que hay que hacer\u201d.<\/strong><\/em><\/p>\n<p>De esta manera, <strong>Frente La Libertad Avanza + Cambia Mendoza <\/strong><strong>consolid\u00f3 su liderazgo en General Alvear<\/strong>, logrando un triunfo contundente que fortalece la gesti\u00f3n de Molero y proyecta nuevas figuras dentro del espacio.<\/p>\n<p>&nbsp;<\/p>\n","protected":false},"excerpt":{"rendered":"<p>Durante la jornada electoral de 2025, los argentinos acudieron a las urnas para elegir a sus nuevos representantes. En total, se &#8230;<\/p>\n","protected":false},"author":7,"featured_media":154258,"comment_status":"open","ping_status":"open","sticky":false,"template":"","format":"standard","meta":{"footnotes":""},"categories":[23,7],"tags":[],"class_list":["post-154256","post","type-post","status-publish","format-standard","has-post-thumbnail","hentry","category-elecciones","category-politica"],"_links":{"self":[{"href":"https:\/\/vinasfm.com\/noticias\/wp-json\/wp\/v2\/posts\/154256","targetHints":{"allow":["GET"]}}],"collection":[{"href":"https:\/\/vinasfm.com\/noticias\/wp-json\/wp\/v2\/posts"}],"about":[{"href":"https:\/\/vinasfm.com\/noticias\/wp-json\/wp\/v2\/types\/post"}],"author":[{"embeddable":true,"href":"https:\/\/vinasfm.com\/noticias\/wp-json\/wp\/v2\/users\/7"}],"replies":[{"embeddable":true,"href":"https:\/\/vinasfm.com\/noticias\/wp-json\/wp\/v2\/comments?post=154256"}],"version-history":[{"count":3,"href":"https:\/\/vinasfm.com\/noticias\/wp-json\/wp\/v2\/posts\/154256\/revisions"}],"predecessor-version":[{"id":154261,"href":"https:\/\/vinasfm.com\/noticias\/wp-json\/wp\/v2\/posts\/154256\/revisions\/154261"}],"wp:featuredmedia":[{"embeddable":true,"href":"https:\/\/vinasfm.com\/noticias\/wp-json\/wp\/v2\/media\/154258"}],"wp:attachment":[{"href":"https:\/\/vinasfm.com\/noticias\/wp-json\/wp\/v2\/media?parent=154256"}],"wp:term":[{"taxonomy":"category","embeddable":true,"href":"https:\/\/vinasfm.com\/noticias\/wp-json\/wp\/v2\/categories?post=154256"},{"taxonomy":"post_tag","embeddable":true,"href":"https:\/\/vinasfm.com\/noticias\/wp-json\/wp\/v2\/tags?post=154256"}],"curies":[{"name":"wp","href":"https:\/\/api.w.org\/{rel}","templated":true}]}}