{"id":154249,"date":"2025-10-26T14:17:42","date_gmt":"2025-10-26T17:17:42","guid":{"rendered":"https:\/\/vinasfm.com\/noticias\/?p=154249"},"modified":"2025-10-27T11:34:18","modified_gmt":"2025-10-27T14:34:18","slug":"cornejo-voto-en-godoy-cruz-y-afirmo-que-la-argentina-necesita-estabilidad-para-crecer","status":"publish","type":"post","link":"https:\/\/vinasfm.com\/noticias\/cornejo-voto-en-godoy-cruz-y-afirmo-que-la-argentina-necesita-estabilidad-para-crecer\/","title":{"rendered":"CORNEJO VOT\u00d3 EN GODOY CRUZ Y AFIRM\u00d3 QUE \u00abLA ARGENTINA NECESITA ESTABILIDAD PARA CRECER\u00bb"},"content":{"rendered":"<h4><strong>El Gobernador particip\u00f3 en la jornada electoral y destac\u00f3 el desarrollo normal del proceso en la provincia. Adem\u00e1s, remarc\u00f3 que el resultado ser\u00e1 clave para avanzar en acuerdos y reformas que impulsen el crecimiento econ\u00f3mico.<\/strong><\/h4>\n<p>&nbsp;<\/p>\n<p>Este domingo 26 de octubre se desarrollan las elecciones legislativas en Mendoza, donde la ciudadan\u00eda elige representantes nacionales y provinciales, adem\u00e1s de concejales en 12 departamentos. No habr\u00e1 elecci\u00f3n municipal en San Rafael, Rivadavia, La Paz, Santa Rosa, Maip\u00fa y Luj\u00e1n, ya que esos distritos decidieron desdoblar sus comicios locales.<\/p>\n<p>&nbsp;<\/p>\n<p>Desde temprano, los establecimientos educativos habilitados funcionaron con normalidad y se reporta un desarrollo ordenado del proceso en toda la provincia.<\/p>\n<p>&nbsp;<\/p>\n<p>El Gobernador Alfredo Cornejo emiti\u00f3 su voto durante la ma\u00f1ana en una escuela de Godoy Cruz, y destac\u00f3 la importancia de la participaci\u00f3n ciudadana en esta jornada democr\u00e1tica al explicar que \u201ctodo est\u00e1 funcionando correctamente. Como suele pasar en elecciones de medio t\u00e9rmino, la participaci\u00f3n puede ser menor que en las ejecutivas, pero en este caso esperamos una concurrencia m\u00e1s alta que la registrada en las elecciones legislativas provinciales de este a\u00f1o\u201d.<\/p>\n<p>&nbsp;<\/p>\n<p>Consultado sobre el contexto econ\u00f3mico y las expectativas tras la votaci\u00f3n, sostuvo que \u201cdespu\u00e9s de esta elecci\u00f3n se pueden despejar temores y la econom\u00eda puede empezar a crecer. Si el Gobierno nacional logra avanzar en una segunda etapa de reformas, deber\u00edan comenzar a verse beneficios concretos: que vuelva el cr\u00e9dito, que siga bajando la inflaci\u00f3n y que los salarios comiencen a recuperarse. Eso es lo que todos necesitamos que ocurra\u201d.<\/p>\n<p>&nbsp;<\/p>\n<p>Respecto al clima pol\u00edtico y lo que se define en esta jornada, afirm\u00f3 que \u201ces l\u00f3gico que esta elecci\u00f3n tenga tanta repercusi\u00f3n. Llevamos muchos a\u00f1os sin crecimiento y eso impacta en la vida cotidiana de las personas, de las empresas y del propio Estado. Si el modelo econ\u00f3mico que se est\u00e1 implementando recibe respaldo, se estabiliza la macroeconom\u00eda y eso ser\u00eda una muy buena se\u00f1al para el pa\u00eds\u201d.<\/p>\n<p>&nbsp;<\/p>\n<p>En relaci\u00f3n con las reformas estructurales que se discuten a nivel nacional, Cornejo se\u00f1al\u00f3: \u201cEstamos trabajando en el Consejo de Mayo. El 14 de diciembre se presentar\u00e1 un informe con los consensos y disensos sobre reformas fiscales, laborales e impositivas, que ser\u00e1 un insumo clave para la etapa que viene\u201d.<\/p>\n<p>&nbsp;<\/p>\n<p>Asimismo, subray\u00f3 el rol que tendr\u00e1n los gobernadores en la construcci\u00f3n de acuerdos. En ese sentido, se\u00f1al\u00f3 que \u201clos gobernadores van a tener una influencia importante en las reformas que se requieren para que la econom\u00eda crezca. Aun si el Gobierno nacional tiene un buen resultado, no tendr\u00e1 mayor\u00eda propia en el Congreso, por lo que los consensos ser\u00e1n indispensables, y ah\u00ed las provincias tendr\u00e1n un papel relevante\u201d.<\/p>\n<p>&nbsp;<\/p>\n<p>Sobre la situaci\u00f3n econ\u00f3mica del pa\u00eds, asegur\u00f3 que \u201cla Argentina necesita estabilizar la macroeconom\u00eda para poder crecer. Mendoza ha hecho su tarea en lo que es de su competencia, pero el crecimiento depende del rumbo nacional. Por eso es tan importante que este proceso se consolide\u201d.<\/p>\n<p>&nbsp;<\/p>\n<p>Finalmente, expres\u00f3 que el foco en esta elecci\u00f3n est\u00e1 puesto en garantizar previsibilidad y desarrollo. \u201cLo que todos queremos es que el pa\u00eds crezca, que haya cr\u00e9dito, inversi\u00f3n y mejora salarial. Ese es el objetivo y las reformas son el camino para lograrlo\u201d, complet\u00f3 el mandatario.<\/p>\n<p>&nbsp;<\/p>\n<p>&nbsp;<\/p>\n","protected":false},"excerpt":{"rendered":"<p>El Gobernador particip\u00f3 en la jornada electoral y destac\u00f3 el desarrollo normal del proceso en la provincia. Adem\u00e1s, remarc\u00f3 que el &#8230;<\/p>\n","protected":false},"author":7,"featured_media":154250,"comment_status":"open","ping_status":"open","sticky":false,"template":"","format":"standard","meta":{"footnotes":""},"categories":[5,7],"tags":[],"class_list":["post-154249","post","type-post","status-publish","format-standard","has-post-thumbnail","hentry","category-actualidad","category-politica"],"_links":{"self":[{"href":"https:\/\/vinasfm.com\/noticias\/wp-json\/wp\/v2\/posts\/154249","targetHints":{"allow":["GET"]}}],"collection":[{"href":"https:\/\/vinasfm.com\/noticias\/wp-json\/wp\/v2\/posts"}],"about":[{"href":"https:\/\/vinasfm.com\/noticias\/wp-json\/wp\/v2\/types\/post"}],"author":[{"embeddable":true,"href":"https:\/\/vinasfm.com\/noticias\/wp-json\/wp\/v2\/users\/7"}],"replies":[{"embeddable":true,"href":"https:\/\/vinasfm.com\/noticias\/wp-json\/wp\/v2\/comments?post=154249"}],"version-history":[{"count":1,"href":"https:\/\/vinasfm.com\/noticias\/wp-json\/wp\/v2\/posts\/154249\/revisions"}],"predecessor-version":[{"id":154251,"href":"https:\/\/vinasfm.com\/noticias\/wp-json\/wp\/v2\/posts\/154249\/revisions\/154251"}],"wp:featuredmedia":[{"embeddable":true,"href":"https:\/\/vinasfm.com\/noticias\/wp-json\/wp\/v2\/media\/154250"}],"wp:attachment":[{"href":"https:\/\/vinasfm.com\/noticias\/wp-json\/wp\/v2\/media?parent=154249"}],"wp:term":[{"taxonomy":"category","embeddable":true,"href":"https:\/\/vinasfm.com\/noticias\/wp-json\/wp\/v2\/categories?post=154249"},{"taxonomy":"post_tag","embeddable":true,"href":"https:\/\/vinasfm.com\/noticias\/wp-json\/wp\/v2\/tags?post=154249"}],"curies":[{"name":"wp","href":"https:\/\/api.w.org\/{rel}","templated":true}]}}