{"id":154236,"date":"2025-10-25T11:13:50","date_gmt":"2025-10-25T14:13:50","guid":{"rendered":"https:\/\/vinasfm.com\/noticias\/?p=154236"},"modified":"2025-10-25T11:13:50","modified_gmt":"2025-10-25T14:13:50","slug":"la-subsecretaria-de-infraestructura-distinguida-en-los-premio-edificar-2025-por-el-complejo-educativo-ugacoop","status":"publish","type":"post","link":"https:\/\/vinasfm.com\/noticias\/la-subsecretaria-de-infraestructura-distinguida-en-los-premio-edificar-2025-por-el-complejo-educativo-ugacoop\/","title":{"rendered":"LA SUBSECRETAR\u00cdA DE INFRAESTRUCTURA DISTINGUIDA EN LOS PREMIO EDIFICAR 2025 POR EL COMPLEJO EDUCATIVO UGACOOP"},"content":{"rendered":"<h4><span style=\"color: #003300;\"><strong>El premio reconoce una obra que trasciende lo constructivo: un espacio pensado para aprender, compartir y crecer, reflejo del compromiso provincial con la educaci\u00f3n y la comunidad.<\/strong><\/span><\/h4>\n<p>La <strong>Subsecretar\u00eda de Infraestructura y Desarrollo Territorial del Gobierno de Mendoza<\/strong>, a trav\u00e9s de la Direcci\u00f3n de Arquitectura e Ingenier\u00edas, fue reconocida por la Red Edificar con el 1\u00ba puesto Premio Edificar 2025 en la categor\u00eda <em>\u201cIntervenciones en el Paisaje y en el Territorio\u201d<\/em> y con el 2\u00ba puesto en <em>\u201cObras mayores de 500 m\u00b2 \u2013 Otras tipolog\u00edas\u201d<\/em>, por la destacada calidad arquitect\u00f3nica del Complejo Educativo UGACOOP de General Alvear.<\/p>\n<p>El certamen, impulsado por la Red Edificar, tiene como objetivo valorar la excelencia en la arquitectura mendocina, reconociendo proyectos que conjugan innovaci\u00f3n, sostenibilidad y compromiso con el entorno urbano y social. En su edici\u00f3n 2025, el jurado destac\u00f3 obras que evidencian una fuerte identidad territorial y un uso inteligente de los recursos, tanto materiales como conceptuales.<\/p>\n<p>El <strong>Complejo Educativo UGACOOP<\/strong>, dise\u00f1ado por la Direcci\u00f3n de Arquitectura e Ingenier\u00edas, representa una apuesta del Gobierno de Mendoza por <strong>consolidar una infraestructura educativa moderna, funcional y sensible a las necesidades de su comunidad.<\/strong> La obra combina una construcci\u00f3n de <strong>materiales tradicionales con otros de innovaci\u00f3n que dan soluciones t\u00e9cnicas eficientes, priorizando la calidad espacial, la racionalidad constructiva y el respeto por el contexto.<\/strong><\/p>\n<p><img decoding=\"async\" src=\"https:\/\/mza-dicaws-portal-uploads-media-prod.s3.amazonaws.com\/prensa\/uploads\/2025\/10\/DSC01416-1200x800.jpg\" \/><\/p>\n<p><em><strong>\u201cEste reconocimiento es un orgullo para la Provincia y un testimonio del trabajo articulado entre el Estado, los profesionales y las empresas mendocinas. Refleja nuestra convicci\u00f3n de que la infraestructura p\u00fablica puede y debe ser sin\u00f3nimo de calidad y compromiso con la comunidad\u201d<\/strong><\/em>, expres\u00f3 la Subsecretaria de Infraestructura, <strong><span style=\"color: #003366;\">Marit\u00e9 Badui<\/span><\/strong>.<\/p>\n<p><em><strong>\u201cLa Direcci\u00f3n de Arquitectura e Ingenier\u00edas impulsa una arquitectura p\u00fablica de excelencia, que no s\u00f3lo resuelve necesidades, sino que tambi\u00e9n genera identidad y sentido de pertenencia\u201d<\/strong><\/em>, agreg\u00f3 su titular.<\/p>\n<p><em>El Complejo Educativo UGACOOP se emplaz\u00f3 en un terreno estrat\u00e9gico de General Alvear, sobre la Ruta Nacional 188 y calle Silvio Tricerri, en una zona donde conviven antiguos edificios industriales que dialogan con la nueva arquitectura del conjunto. Con m\u00e1s de 2.000 m\u00b2 cubiertos y m\u00e1s de 10.000 m\u00b2 de espacios exteriores, el proyecto se organiza en distintos bloques funcionales vinculados por circulaciones al aire libre, que generan patios, jardines y plazas interiores concebidos como \u00e1mbitos de encuentro, aprendizaje y recreaci\u00f3n. Su sistema constructivo modular en estructura met\u00e1lica, inspirado en las \u201cnaves industriales\u201d del entorno, permite una ejecuci\u00f3n \u00e1gil y flexible que dan la posibilidad de ampliar las aulas para volverlas grandes saldas. Adem\u00e1s, incorpora criterios de eficiencia energ\u00e9tica y sustentabilidad, como ventilaci\u00f3n cruzada, aislaci\u00f3n t\u00e9rmica, aprovechamiento solar, jardines xer\u00f3filos, recolecci\u00f3n de agua de lluvia y la futura instalaci\u00f3n de paneles fotovoltaicos, que aportar\u00e1n energ\u00eda limpia al complejo y a la red p\u00fablica.<\/em><\/p>\n<p><strong>Equipo de proyecto<\/strong><\/p>\n<ul>\n<li><strong>Arquitectura:<\/strong>\u00a0Arq. Federico Aguirre, Arq. Mat\u00edas Morandi y Arq. Roberto Pi\u00f1a<\/li>\n<li><strong>Paisajismo:<\/strong>\u00a0Arq Guadalupe Furnari<\/li>\n<li><strong>Estructura:<\/strong>\u00a0Ing. Gabriel Luna<\/li>\n<li><strong>Instalaci\u00f3n sanitaria:<\/strong>\u00a0Ing. Andrea Valenzuela<\/li>\n<li><strong>Instalaci\u00f3n el\u00e9ctrica:<\/strong>\u00a0Arq. Eugenio Lampasona, Tec. Ignacio Quiroga<\/li>\n<li><strong>Instalaci\u00f3n termomec\u00e1nica:<\/strong>\u00a0Ing. Javier Chac\u00f3n, Tec. Daniel Giandinotto<\/li>\n<li><strong>Sistema contra incendio:<\/strong>\u00a0Fernando Antonaia<\/li>\n<li><strong>Inspecci\u00f3n y administraci\u00f3n:<\/strong>\u00a0Arq. Brahim Hueda, Ing. Fernando Puga, Arq. Paula L\u00f3pez Galera<\/li>\n<li><strong>Dise\u00f1o carteler\u00eda y se\u00f1al\u00e9tica:<\/strong>\u00a0DI. Ver\u00f3nica Tirado.<\/li>\n<li><strong>Empresa constructora:<\/strong>\u00a0Universo S.A.<\/li>\n<li><strong>Direcci\u00f3n de Arquitectura e Ingenier\u00eda:\u00a0<\/strong>Ing. Gladys Obredor\u00a0<strong>\u00a0<\/strong><\/li>\n<li><strong>Direcci\u00f3n de Gesti\u00f3n de Proyectos y Contratos:\u00a0<\/strong>Ing. Emanuel Juan<\/li>\n<li><strong>Direcci\u00f3n de Obra:<\/strong>\u00a0Arq. Dardo Mor\u00e1bito.<\/li>\n<\/ul>\n<p><strong>Sobre el Premio Edificar<\/strong><\/p>\n<p>El Premio Edificar, organizado por la Red Edificar, reconoce desde 2002 a las mejores obras arquitect\u00f3nicas de Mendoza. Eval\u00faa la coherencia conceptual, la po\u00e9tica espacial, el sentido tect\u00f3nico y el v\u00ednculo con el entorno, destacando proyectos que contribuyen a la cultura arquitect\u00f3nica provincial.<\/p>\n<p>Entre sus criterios se valoran la armon\u00eda entre propuesta y contexto social, el uso eficiente de recursos, la autenticidad del dise\u00f1o y el aporte cultural al territorio.<\/p>\n","protected":false},"excerpt":{"rendered":"<p>El premio reconoce una obra que trasciende lo constructivo: un espacio pensado para aprender, compartir y crecer, reflejo del compromiso provincial &#8230;<\/p>\n","protected":false},"author":7,"featured_media":154239,"comment_status":"open","ping_status":"open","sticky":false,"template":"","format":"standard","meta":{"footnotes":""},"categories":[1],"tags":[],"class_list":["post-154236","post","type-post","status-publish","format-standard","has-post-thumbnail","hentry","category-fmvinas"],"_links":{"self":[{"href":"https:\/\/vinasfm.com\/noticias\/wp-json\/wp\/v2\/posts\/154236","targetHints":{"allow":["GET"]}}],"collection":[{"href":"https:\/\/vinasfm.com\/noticias\/wp-json\/wp\/v2\/posts"}],"about":[{"href":"https:\/\/vinasfm.com\/noticias\/wp-json\/wp\/v2\/types\/post"}],"author":[{"embeddable":true,"href":"https:\/\/vinasfm.com\/noticias\/wp-json\/wp\/v2\/users\/7"}],"replies":[{"embeddable":true,"href":"https:\/\/vinasfm.com\/noticias\/wp-json\/wp\/v2\/comments?post=154236"}],"version-history":[{"count":2,"href":"https:\/\/vinasfm.com\/noticias\/wp-json\/wp\/v2\/posts\/154236\/revisions"}],"predecessor-version":[{"id":154240,"href":"https:\/\/vinasfm.com\/noticias\/wp-json\/wp\/v2\/posts\/154236\/revisions\/154240"}],"wp:featuredmedia":[{"embeddable":true,"href":"https:\/\/vinasfm.com\/noticias\/wp-json\/wp\/v2\/media\/154239"}],"wp:attachment":[{"href":"https:\/\/vinasfm.com\/noticias\/wp-json\/wp\/v2\/media?parent=154236"}],"wp:term":[{"taxonomy":"category","embeddable":true,"href":"https:\/\/vinasfm.com\/noticias\/wp-json\/wp\/v2\/categories?post=154236"},{"taxonomy":"post_tag","embeddable":true,"href":"https:\/\/vinasfm.com\/noticias\/wp-json\/wp\/v2\/tags?post=154236"}],"curies":[{"name":"wp","href":"https:\/\/api.w.org\/{rel}","templated":true}]}}