{"id":154224,"date":"2025-10-25T10:27:17","date_gmt":"2025-10-25T13:27:17","guid":{"rendered":"https:\/\/vinasfm.com\/noticias\/?p=154224"},"modified":"2025-10-27T09:19:40","modified_gmt":"2025-10-27T12:19:40","slug":"robaron-pertenencias-del-interior-de-un-vehiculo-en-pleno-centro","status":"publish","type":"post","link":"https:\/\/vinasfm.com\/noticias\/robaron-pertenencias-del-interior-de-un-vehiculo-en-pleno-centro\/","title":{"rendered":"ROBARON PERTENENCIAS DEL INTERIOR DE UN VEH\u00cdCULO EN PLENO CENTRO"},"content":{"rendered":"<p><span style=\"color: #003300;\"><strong>Un nuevo hecho de inseguridad se registr\u00f3 en la tarde del viernes en General Alvear. Cerca de las 18:16, personal de la Comisar\u00eda 14\u00b0 tom\u00f3 intervenci\u00f3n tras la denuncia de Gustavo S., de 56 a\u00f1os, quien inform\u00f3 haber sido v\u00edctima de un robo mientras su veh\u00edculo permanec\u00eda estacionado en la v\u00eda p\u00fablica.<\/strong><\/span><\/p>\n<p>El hecho ocurri\u00f3 en la intersecci\u00f3n de <strong>calle Zeballos y San Rafael<\/strong>, donde la v\u00edctima hab\u00eda dejado estacionado su <strong>FIAT Regatta<\/strong> para dirigirse a su lugar de trabajo en la Municipalidad. Al regresar, constat\u00f3 <strong>da\u00f1os totales en la ventana trasera derecha<\/strong> del autom\u00f3vil y la sustracci\u00f3n de varios elementos personales.<\/p>\n<p>Seg\u00fan la denuncia, del interior del veh\u00edculo sustrajeron <strong>un microondas mediano color blanco<\/strong>, <strong>una mochila gris<\/strong> que conten\u00eda <strong>zapatillas marca Ander Amur<\/strong>, <strong>una paleta de p\u00e1del gris con naranja marca GEA<\/strong>, <strong>un estuche Vairo color negro<\/strong>, adem\u00e1s de <strong>una billetera marr\u00f3n con documentaci\u00f3n personal, tarjetas de cr\u00e9dito del Banco Naci\u00f3n y dinero en efectivo<\/strong>.<\/p>\n<p>El o los autores del hecho <strong>se dieron a la fuga<\/strong> y hasta el momento no han sido identificados. Las <strong>actuaciones est\u00e1n a cargo de la Oficina Fiscal de General Alvear<\/strong>, que investiga el caso para dar con los responsables.<\/p>\n<p>.<\/p>\n","protected":false},"excerpt":{"rendered":"<p>Un nuevo hecho de inseguridad se registr\u00f3 en la tarde del viernes en General Alvear. Cerca de las 18:16, personal de &#8230;<\/p>\n","protected":false},"author":7,"featured_media":154227,"comment_status":"open","ping_status":"open","sticky":false,"template":"","format":"standard","meta":{"footnotes":""},"categories":[201,4],"tags":[],"class_list":["post-154224","post","type-post","status-publish","format-standard","has-post-thumbnail","hentry","category-inseguridad","category-policiales"],"_links":{"self":[{"href":"https:\/\/vinasfm.com\/noticias\/wp-json\/wp\/v2\/posts\/154224","targetHints":{"allow":["GET"]}}],"collection":[{"href":"https:\/\/vinasfm.com\/noticias\/wp-json\/wp\/v2\/posts"}],"about":[{"href":"https:\/\/vinasfm.com\/noticias\/wp-json\/wp\/v2\/types\/post"}],"author":[{"embeddable":true,"href":"https:\/\/vinasfm.com\/noticias\/wp-json\/wp\/v2\/users\/7"}],"replies":[{"embeddable":true,"href":"https:\/\/vinasfm.com\/noticias\/wp-json\/wp\/v2\/comments?post=154224"}],"version-history":[{"count":2,"href":"https:\/\/vinasfm.com\/noticias\/wp-json\/wp\/v2\/posts\/154224\/revisions"}],"predecessor-version":[{"id":154228,"href":"https:\/\/vinasfm.com\/noticias\/wp-json\/wp\/v2\/posts\/154224\/revisions\/154228"}],"wp:featuredmedia":[{"embeddable":true,"href":"https:\/\/vinasfm.com\/noticias\/wp-json\/wp\/v2\/media\/154227"}],"wp:attachment":[{"href":"https:\/\/vinasfm.com\/noticias\/wp-json\/wp\/v2\/media?parent=154224"}],"wp:term":[{"taxonomy":"category","embeddable":true,"href":"https:\/\/vinasfm.com\/noticias\/wp-json\/wp\/v2\/categories?post=154224"},{"taxonomy":"post_tag","embeddable":true,"href":"https:\/\/vinasfm.com\/noticias\/wp-json\/wp\/v2\/tags?post=154224"}],"curies":[{"name":"wp","href":"https:\/\/api.w.org\/{rel}","templated":true}]}}