{"id":154178,"date":"2025-10-23T11:49:13","date_gmt":"2025-10-23T14:49:13","guid":{"rendered":"https:\/\/vinasfm.com\/noticias\/?p=154178"},"modified":"2025-10-24T10:31:26","modified_gmt":"2025-10-24T13:31:26","slug":"llega-una-nueva-carrera-universitaria-gratuita-y-a-distancia-en-alvear-licenciatura-en-administracion-agraria","status":"publish","type":"post","link":"https:\/\/vinasfm.com\/noticias\/llega-una-nueva-carrera-universitaria-gratuita-y-a-distancia-en-alvear-licenciatura-en-administracion-agraria\/","title":{"rendered":"LLEGA UNA NUEVA CARRERA UNIVERSITARIA GRATUITA Y A DISTANCIA EN ALVEAR: LICENCIATURA EN ADMINISTRACI\u00d3N AGRARIA"},"content":{"rendered":"<p><strong><span style=\"color: #003300;\">El director de Educaci\u00f3n de la Municipalidad de General Alvear, Jos\u00e9 Mor\u00e1n, anunci\u00f3 el lanzamiento de una nueva oferta acad\u00e9mica en el departamento: la Licenciatura en Administraci\u00f3n Agraria, una carrera gratuita y a distancia que se dicta en convenio con la Universidad Nacional Arturo Jauretche.<\/span><\/strong><\/p>\n<p>Mor\u00e1n explic\u00f3 en di\u00e1logo con <span style=\"color: #993366;\"><strong>FM VI\u00d1AS<\/strong><\/span> que este nuevo acuerdo forma parte del trabajo sostenido de la Direcci\u00f3n de Educaci\u00f3n para ampliar las oportunidades de formaci\u00f3n superior en el departamento. <strong><em>\u201cVenimos trabajando en distintos convenios y ahora hemos podido lograr este contacto con la Universidad Nacional Arturo Jauretche, una instituci\u00f3n joven que surgi\u00f3 en 2009 y que tiene gran demanda en todo el pa\u00eds. Nos alegra poder ofrecer esta carrera, muy vinculada al agro, que es un sector clave para General Alvear\u201d<\/em><\/strong>, destac\u00f3.<\/p>\n<p>La carrera tiene una <strong>duraci\u00f3n de 4 a\u00f1os y 6 meses<\/strong>, con <strong>t\u00edtulo de grado nacional<\/strong>, y adem\u00e1s brinda la posibilidad de obtener un <strong>t\u00edtulo intermedio de T\u00e9cnico\/a Universitario\/a en Administraci\u00f3n Agraria<\/strong> a los tres a\u00f1os de cursado.<\/p>\n<p>Mor\u00e1n subray\u00f3 que la modalidad <strong>a distancia<\/strong> permitir\u00e1 a los estudiantes organizar sus tiempos: <em><strong>\u201cLa mayor\u00eda de las materias son asincr\u00f3nicas, lo que significa que cada persona puede estudiar a su ritmo, descargar materiales, ver clases grabadas y rendir evaluaciones en horarios establecidos\u201d.<\/strong><\/em><\/p>\n<p><a href=\"https:\/\/vinasfm.com\/noticias\/wp-content\/uploads\/2025\/10\/dcc8f7b2-cbdf-4b79-b1bd-dc08d1bf4253.jpg\"><img loading=\"lazy\" decoding=\"async\" class=\"wp-image-154179 aligncenter\" src=\"https:\/\/vinasfm.com\/noticias\/wp-content\/uploads\/2025\/10\/dcc8f7b2-cbdf-4b79-b1bd-dc08d1bf4253-819x1024.jpg\" alt=\"\" width=\"450\" height=\"563\" srcset=\"https:\/\/vinasfm.com\/noticias\/wp-content\/uploads\/2025\/10\/dcc8f7b2-cbdf-4b79-b1bd-dc08d1bf4253-819x1024.jpg 819w, https:\/\/vinasfm.com\/noticias\/wp-content\/uploads\/2025\/10\/dcc8f7b2-cbdf-4b79-b1bd-dc08d1bf4253-240x300.jpg 240w, https:\/\/vinasfm.com\/noticias\/wp-content\/uploads\/2025\/10\/dcc8f7b2-cbdf-4b79-b1bd-dc08d1bf4253-768x960.jpg 768w, https:\/\/vinasfm.com\/noticias\/wp-content\/uploads\/2025\/10\/dcc8f7b2-cbdf-4b79-b1bd-dc08d1bf4253-1229x1536.jpg 1229w, https:\/\/vinasfm.com\/noticias\/wp-content\/uploads\/2025\/10\/dcc8f7b2-cbdf-4b79-b1bd-dc08d1bf4253.jpg 1280w\" sizes=\"auto, (max-width: 450px) 100vw, 450px\" \/><\/a><\/p>\n<p>Las <strong>inscripciones<\/strong> se realizan en la <strong>Direcci\u00f3n de Educaci\u00f3n<\/strong>, ubicada en <strong>Chapeaurouge 15<\/strong>, de lunes a viernes de <strong>8:00 a 13:00 horas<\/strong>. Los interesados deben ser <strong>mayores de 18 a\u00f1os<\/strong> y haber finalizado el nivel secundario.<\/p>\n<p><strong><em>\u201cCon esta nueva propuesta, llegamos a<\/em> 15 carreras universitarias en la Direcci\u00f3n de Educaci\u00f3n, de las cuales 13 son gratuitas y a distancia. Apostamos fuertemente a la educaci\u00f3n p\u00fablica, gratuita y de calidad, y lo estamos demostrando desde el municipio\u201d<\/strong>, concluy\u00f3 Mor\u00e1n.<\/p>\n","protected":false},"excerpt":{"rendered":"<p>El director de Educaci\u00f3n de la Municipalidad de General Alvear, Jos\u00e9 Mor\u00e1n, anunci\u00f3 el lanzamiento de una nueva oferta acad\u00e9mica en &#8230;<\/p>\n","protected":false},"author":7,"featured_media":154180,"comment_status":"open","ping_status":"open","sticky":false,"template":"","format":"standard","meta":{"footnotes":""},"categories":[10,18],"tags":[],"class_list":["post-154178","post","type-post","status-publish","format-standard","has-post-thumbnail","hentry","category-destacadas","category-educacion"],"_links":{"self":[{"href":"https:\/\/vinasfm.com\/noticias\/wp-json\/wp\/v2\/posts\/154178","targetHints":{"allow":["GET"]}}],"collection":[{"href":"https:\/\/vinasfm.com\/noticias\/wp-json\/wp\/v2\/posts"}],"about":[{"href":"https:\/\/vinasfm.com\/noticias\/wp-json\/wp\/v2\/types\/post"}],"author":[{"embeddable":true,"href":"https:\/\/vinasfm.com\/noticias\/wp-json\/wp\/v2\/users\/7"}],"replies":[{"embeddable":true,"href":"https:\/\/vinasfm.com\/noticias\/wp-json\/wp\/v2\/comments?post=154178"}],"version-history":[{"count":2,"href":"https:\/\/vinasfm.com\/noticias\/wp-json\/wp\/v2\/posts\/154178\/revisions"}],"predecessor-version":[{"id":154182,"href":"https:\/\/vinasfm.com\/noticias\/wp-json\/wp\/v2\/posts\/154178\/revisions\/154182"}],"wp:featuredmedia":[{"embeddable":true,"href":"https:\/\/vinasfm.com\/noticias\/wp-json\/wp\/v2\/media\/154180"}],"wp:attachment":[{"href":"https:\/\/vinasfm.com\/noticias\/wp-json\/wp\/v2\/media?parent=154178"}],"wp:term":[{"taxonomy":"category","embeddable":true,"href":"https:\/\/vinasfm.com\/noticias\/wp-json\/wp\/v2\/categories?post=154178"},{"taxonomy":"post_tag","embeddable":true,"href":"https:\/\/vinasfm.com\/noticias\/wp-json\/wp\/v2\/tags?post=154178"}],"curies":[{"name":"wp","href":"https:\/\/api.w.org\/{rel}","templated":true}]}}