{"id":154124,"date":"2025-10-22T09:38:47","date_gmt":"2025-10-22T12:38:47","guid":{"rendered":"https:\/\/vinasfm.com\/noticias\/?p=154124"},"modified":"2025-10-22T20:36:59","modified_gmt":"2025-10-22T23:36:59","slug":"capacitaron-a-autoridades-de-mesa-en-general-alvear-el-hcd-abrio-sus-puertas-para-fortalecer-la-transparencia-electoral","status":"publish","type":"post","link":"https:\/\/vinasfm.com\/noticias\/capacitaron-a-autoridades-de-mesa-en-general-alvear-el-hcd-abrio-sus-puertas-para-fortalecer-la-transparencia-electoral\/","title":{"rendered":"CAPACITARON A AUTORIDADES DE MESA EN GENERAL ALVEAR: EL HCD ABRI\u00d3 SUS PUERTAS PARA FORTALECER LA TRANSPARENCIA ELECTORAL"},"content":{"rendered":"<h4><strong><span style=\"color: #003300;\">El Concejo Deliberante de General Alvear fue sede este martes de una capacitaci\u00f3n presencial para las autoridades de mesa que participar\u00e1n en las pr\u00f3ximas elecciones, en el marco de los comicios concurrentes nacionales y provinciales. La actividad fue organizada por la Secretar\u00eda Electoral de Mendoza, que eligi\u00f3 al departamento como una de las sedes de formaci\u00f3n en el sur provincial.<\/span><\/strong><\/h4>\n<p>La<em> presidenta del HCD<\/em>, <span style=\"color: #003300;\"><strong>Alejandra Torti,<\/strong><\/span> destac\u00f3 que el sal\u00f3n del cuerpo legislativo fue puesto a disposici\u00f3n<em><strong> \u201cpara que todas las personas designadas como autoridad de mesa puedan capacitarse de manera presencial\u201d<\/strong><\/em>, y subray\u00f3 la importancia de este tipo de encuentros: <em><strong>\u201cEstas elecciones son distintas a las del 2023. Si bien ya conocemos el m\u00e9todo de la boleta \u00fanica, siempre surgen dudas. La capacitaci\u00f3n presencial permite evacuar consultas y brindar m\u00e1s confianza al votante y a quienes estar\u00e1n a cargo de las mesas\u201d<\/strong><\/em>, explic\u00f3.<\/p>\n<p>Torti, quien tambi\u00e9n integra una lista de candidatos, coment\u00f3 que durante sus recorridas de campa\u00f1a los vecinos manifestaron inquietudes sobre el sistema de votaci\u00f3n, especialmente en relaci\u00f3n a las <strong>dos urnas<\/strong> y la <strong>boleta \u00fanica<\/strong>. <em><strong>\u201cEsta instancia nos permite aclarar esos temas y replicar el conocimiento en nuestras reuniones con fiscales y equipos\u201d<\/strong><\/em>, a\u00f1adi\u00f3.<\/p>\n<p>Por su parte, <span style=\"color: #003366;\"><strong>Daniel Navarro<\/strong><\/span>, representante de la <strong>Secretar\u00eda Electoral de Mendoza<\/strong>, resalt\u00f3 la buena participaci\u00f3n del p\u00fablico: <em><strong>\u201cVino mucha gente, incluso quienes no han recibido a\u00fan el nombramiento. Eso habla del compromiso ciudadano. Siempre puede haber alguna ausencia el d\u00eda de la elecci\u00f3n, y contar con personas capacitadas nos permite tener voluntarios preparados para cubrir esos lugares\u201d.<\/strong><\/em><\/p>\n<p>Navarro explic\u00f3 que una de las principales inquietudes tiene que ver con la <strong>presencia de dos urnas<\/strong>: una <strong>celeste<\/strong> para la elecci\u00f3n nacional y otra <strong>verde<\/strong> para la provincial, ambas identificadas con sus respectivos colores. Adem\u00e1s, record\u00f3 algunas recomendaciones clave para el domingo:<\/p>\n<ul>\n<li>No colocar boletas en la urna equivocada.<\/li>\n<li>En la <strong>boleta \u00fanica provincial<\/strong>, si se vota por <strong>lista completa<\/strong>, no marcar ninguna otra categor\u00eda, ya que el voto podr\u00eda anularse.<\/li>\n<li>No tomar fotograf\u00edas dentro del cuarto oscuro, ya que est\u00e1 prohibido.<\/li>\n<li>Se puede llevar lapicera propia, siempre que sea <strong>de tinta negra<\/strong>, para marcar la opci\u00f3n elegida.<\/li>\n<\/ul>\n<p>Con esta iniciativa conjunta entre el <strong>HCD y la Secretar\u00eda Electoral<\/strong>, General Alvear reafirma su compromiso con la <strong>participaci\u00f3n ciudadana y la transparencia democr\u00e1tica<\/strong> de cara a los pr\u00f3ximos comicios.<\/p>\n","protected":false},"excerpt":{"rendered":"<p>El Concejo Deliberante de General Alvear fue sede este martes de una capacitaci\u00f3n presencial para las autoridades de mesa que participar\u00e1n &#8230;<\/p>\n","protected":false},"author":7,"featured_media":154125,"comment_status":"open","ping_status":"open","sticky":false,"template":"","format":"standard","meta":{"footnotes":""},"categories":[5,23],"tags":[],"class_list":["post-154124","post","type-post","status-publish","format-standard","has-post-thumbnail","hentry","category-actualidad","category-elecciones"],"_links":{"self":[{"href":"https:\/\/vinasfm.com\/noticias\/wp-json\/wp\/v2\/posts\/154124","targetHints":{"allow":["GET"]}}],"collection":[{"href":"https:\/\/vinasfm.com\/noticias\/wp-json\/wp\/v2\/posts"}],"about":[{"href":"https:\/\/vinasfm.com\/noticias\/wp-json\/wp\/v2\/types\/post"}],"author":[{"embeddable":true,"href":"https:\/\/vinasfm.com\/noticias\/wp-json\/wp\/v2\/users\/7"}],"replies":[{"embeddable":true,"href":"https:\/\/vinasfm.com\/noticias\/wp-json\/wp\/v2\/comments?post=154124"}],"version-history":[{"count":1,"href":"https:\/\/vinasfm.com\/noticias\/wp-json\/wp\/v2\/posts\/154124\/revisions"}],"predecessor-version":[{"id":154126,"href":"https:\/\/vinasfm.com\/noticias\/wp-json\/wp\/v2\/posts\/154124\/revisions\/154126"}],"wp:featuredmedia":[{"embeddable":true,"href":"https:\/\/vinasfm.com\/noticias\/wp-json\/wp\/v2\/media\/154125"}],"wp:attachment":[{"href":"https:\/\/vinasfm.com\/noticias\/wp-json\/wp\/v2\/media?parent=154124"}],"wp:term":[{"taxonomy":"category","embeddable":true,"href":"https:\/\/vinasfm.com\/noticias\/wp-json\/wp\/v2\/categories?post=154124"},{"taxonomy":"post_tag","embeddable":true,"href":"https:\/\/vinasfm.com\/noticias\/wp-json\/wp\/v2\/tags?post=154124"}],"curies":[{"name":"wp","href":"https:\/\/api.w.org\/{rel}","templated":true}]}}