{"id":154121,"date":"2025-10-22T09:19:19","date_gmt":"2025-10-22T12:19:19","guid":{"rendered":"https:\/\/vinasfm.com\/noticias\/?p=154121"},"modified":"2025-10-23T08:21:24","modified_gmt":"2025-10-23T11:21:24","slug":"el-municipio-proyecta-un-espacio-amigo-de-la-lactancia-para-trabajadoras-y-vecinas","status":"publish","type":"post","link":"https:\/\/vinasfm.com\/noticias\/el-municipio-proyecta-un-espacio-amigo-de-la-lactancia-para-trabajadoras-y-vecinas\/","title":{"rendered":"EL MUNICIPIO PROYECTA UN ESPACIO AMIGO DE LA LACTANCIA PARA TRABAJADORAS Y VECINAS"},"content":{"rendered":"<h4><strong><span style=\"color: #003300;\">El intendente mantuvo una reuni\u00f3n con la Dra. Graciela Fern\u00e1ndez de Raich, donde ambos se comprometieron a darle viabilidad y rapidez a la creaci\u00f3n de un Espacio Amigo de la Lactancia en el edificio municipal.<\/span><\/strong><\/h4>\n<p>El intendente asumi\u00f3 el compromiso de brindar todo lo necesario para concretar este espacio, mientras que la doctora aportar\u00e1 su conocimiento y gu\u00eda para garantizar un lugar adecuado y funcional.<\/p>\n<p>Este espacio <strong>permitir\u00e1 que las madres que trabajan en el municipio, y tambi\u00e9n aquellas que se encuentren cerca del Palacio Comunal, puedan amamantar o extraer leche en un entorno c\u00f3modo y cuidado.<\/strong><\/p>\n<p>Peque\u00f1os gestos que mejoran la calidad de vida de las madres alvearenses y de sus hijos.<\/p>\n","protected":false},"excerpt":{"rendered":"<p>El intendente mantuvo una reuni\u00f3n con la Dra. Graciela Fern\u00e1ndez de Raich, donde ambos se comprometieron a darle viabilidad y rapidez &#8230;<\/p>\n","protected":false},"author":7,"featured_media":154122,"comment_status":"open","ping_status":"open","sticky":false,"template":"","format":"standard","meta":{"footnotes":""},"categories":[78,11],"tags":[],"class_list":["post-154121","post","type-post","status-publish","format-standard","has-post-thumbnail","hentry","category-municipalidad","category-sociales"],"_links":{"self":[{"href":"https:\/\/vinasfm.com\/noticias\/wp-json\/wp\/v2\/posts\/154121","targetHints":{"allow":["GET"]}}],"collection":[{"href":"https:\/\/vinasfm.com\/noticias\/wp-json\/wp\/v2\/posts"}],"about":[{"href":"https:\/\/vinasfm.com\/noticias\/wp-json\/wp\/v2\/types\/post"}],"author":[{"embeddable":true,"href":"https:\/\/vinasfm.com\/noticias\/wp-json\/wp\/v2\/users\/7"}],"replies":[{"embeddable":true,"href":"https:\/\/vinasfm.com\/noticias\/wp-json\/wp\/v2\/comments?post=154121"}],"version-history":[{"count":1,"href":"https:\/\/vinasfm.com\/noticias\/wp-json\/wp\/v2\/posts\/154121\/revisions"}],"predecessor-version":[{"id":154123,"href":"https:\/\/vinasfm.com\/noticias\/wp-json\/wp\/v2\/posts\/154121\/revisions\/154123"}],"wp:featuredmedia":[{"embeddable":true,"href":"https:\/\/vinasfm.com\/noticias\/wp-json\/wp\/v2\/media\/154122"}],"wp:attachment":[{"href":"https:\/\/vinasfm.com\/noticias\/wp-json\/wp\/v2\/media?parent=154121"}],"wp:term":[{"taxonomy":"category","embeddable":true,"href":"https:\/\/vinasfm.com\/noticias\/wp-json\/wp\/v2\/categories?post=154121"},{"taxonomy":"post_tag","embeddable":true,"href":"https:\/\/vinasfm.com\/noticias\/wp-json\/wp\/v2\/tags?post=154121"}],"curies":[{"name":"wp","href":"https:\/\/api.w.org\/{rel}","templated":true}]}}