{"id":154117,"date":"2025-10-22T08:36:08","date_gmt":"2025-10-22T11:36:08","guid":{"rendered":"https:\/\/vinasfm.com\/noticias\/?p=154117"},"modified":"2025-10-23T08:20:21","modified_gmt":"2025-10-23T11:20:21","slug":"robaron-una-bicicleta-fuera-de-un-supermercado","status":"publish","type":"post","link":"https:\/\/vinasfm.com\/noticias\/robaron-una-bicicleta-fuera-de-un-supermercado\/","title":{"rendered":"ROBARON UNA BICICLETA FUERA DE UN SUPERMERCADO"},"content":{"rendered":"<h4 data-start=\"60\" data-end=\"306\"><span style=\"color: #003300;\"><strong>Un nuevo hecho de robo se registr\u00f3 este martas por la noche en General Alvear. Seg\u00fan informaron desde la Comisar\u00eda 14\u00b0, el episodio ocurri\u00f3 alrededor de las 20:10 horas en la intersecci\u00f3n de calle 25 de Mayo y Av. Libertador Norte.<\/strong><\/span><\/h4>\n<p data-start=\"308\" data-end=\"546\">La <strong data-start=\"311\" data-end=\"322\">v\u00edctima<\/strong>, un hombre de <strong data-start=\"337\" data-end=\"372\">75 a\u00f1os identificado como E. S.<\/strong>, hab\u00eda dejado su <strong data-start=\"390\" data-end=\"464\">bicicleta rodado 26 tipo playera, marca Keoma, color negro con canasto<\/strong>, en el bicicletero de un supermercado de la zona, <strong data-start=\"515\" data-end=\"543\">sin medidas de seguridad<\/strong>.<\/p>\n<p data-start=\"548\" data-end=\"681\">Al salir del local, constat\u00f3 que <strong data-start=\"581\" data-end=\"630\">autores ignorados se hab\u00edan llevado el rodado<\/strong>, por lo que realiz\u00f3 la denuncia correspondiente.<\/p>\n<p data-start=\"683\" data-end=\"840\" data-is-last-node=\"\" data-is-only-node=\"\">Interviene en el caso la <strong data-start=\"708\" data-end=\"756\">ayudante fiscal Dra. Noelia P\u00e9rez Montenegro<\/strong>, quien dispuso las <strong data-start=\"776\" data-end=\"800\">actuaciones de rigor<\/strong> para dar con los responsables del robo.<\/p>\n","protected":false},"excerpt":{"rendered":"<p>Un nuevo hecho de robo se registr\u00f3 este martas por la noche en General Alvear. Seg\u00fan informaron desde la Comisar\u00eda 14\u00b0, &#8230;<\/p>\n","protected":false},"author":7,"featured_media":154116,"comment_status":"open","ping_status":"open","sticky":false,"template":"","format":"standard","meta":{"footnotes":""},"categories":[201,4],"tags":[],"class_list":["post-154117","post","type-post","status-publish","format-standard","has-post-thumbnail","hentry","category-inseguridad","category-policiales"],"_links":{"self":[{"href":"https:\/\/vinasfm.com\/noticias\/wp-json\/wp\/v2\/posts\/154117","targetHints":{"allow":["GET"]}}],"collection":[{"href":"https:\/\/vinasfm.com\/noticias\/wp-json\/wp\/v2\/posts"}],"about":[{"href":"https:\/\/vinasfm.com\/noticias\/wp-json\/wp\/v2\/types\/post"}],"author":[{"embeddable":true,"href":"https:\/\/vinasfm.com\/noticias\/wp-json\/wp\/v2\/users\/7"}],"replies":[{"embeddable":true,"href":"https:\/\/vinasfm.com\/noticias\/wp-json\/wp\/v2\/comments?post=154117"}],"version-history":[{"count":1,"href":"https:\/\/vinasfm.com\/noticias\/wp-json\/wp\/v2\/posts\/154117\/revisions"}],"predecessor-version":[{"id":154118,"href":"https:\/\/vinasfm.com\/noticias\/wp-json\/wp\/v2\/posts\/154117\/revisions\/154118"}],"wp:featuredmedia":[{"embeddable":true,"href":"https:\/\/vinasfm.com\/noticias\/wp-json\/wp\/v2\/media\/154116"}],"wp:attachment":[{"href":"https:\/\/vinasfm.com\/noticias\/wp-json\/wp\/v2\/media?parent=154117"}],"wp:term":[{"taxonomy":"category","embeddable":true,"href":"https:\/\/vinasfm.com\/noticias\/wp-json\/wp\/v2\/categories?post=154117"},{"taxonomy":"post_tag","embeddable":true,"href":"https:\/\/vinasfm.com\/noticias\/wp-json\/wp\/v2\/tags?post=154117"}],"curies":[{"name":"wp","href":"https:\/\/api.w.org\/{rel}","templated":true}]}}