{"id":154092,"date":"2025-10-20T16:15:22","date_gmt":"2025-10-20T19:15:22","guid":{"rendered":"https:\/\/vinasfm.com\/noticias\/?p=154092"},"modified":"2025-10-22T08:20:26","modified_gmt":"2025-10-22T11:20:26","slug":"cambio-de-autoridades-en-la-camara-de-comercio-ramiro-labay-culmina-su-gestion-destacando-avances-y-desafios","status":"publish","type":"post","link":"https:\/\/vinasfm.com\/noticias\/cambio-de-autoridades-en-la-camara-de-comercio-ramiro-labay-culmina-su-gestion-destacando-avances-y-desafios\/","title":{"rendered":"CAMBIO DE AUTORIDADES EN LA C\u00c1MARA DE COMERCIO: RAMIRO LABAY CULMIN\u00d3 SU GESTI\u00d3N DESTACANDO AVANCES Y DESAF\u00cdOS\u00a0"},"content":{"rendered":"<h4><span style=\"color: #003300;\"><strong>La C\u00e1mara de Comercio, Industria, Agricultura y Ganader\u00eda de General Alvear celebr\u00f3 su Asamblea General Ordinaria, donde se realiz\u00f3 el cambio de autoridades tras dos a\u00f1os de gesti\u00f3n encabezada por Ramiro Labay, quien se despide del cargo destacando logros institucionales y avances clave para el desarrollo regional.<\/strong><\/span><\/h4>\n<p>En di\u00e1logo con <span style=\"color: #993366;\"><strong>FM VI\u00d1AS<\/strong><\/span>, Labay expres\u00f3 su orgullo por haber presidido una instituci\u00f3n con m\u00e1s de <strong>92 a\u00f1os de historia<\/strong>, resaltando que<strong><em> \u201clos presidentes pasan, pero la C\u00e1mara sigue firme, trabajando por el crecimiento de cada emprendedor, empresa y vecino de General Alvear\u201d.<\/em><\/strong><\/p>\n<p>Durante su mandato, la entidad impuls\u00f3 y acompa\u00f1\u00f3 gestiones hist\u00f3ricas como la concreci\u00f3n del <strong>Gasoducto del Sur<\/strong>, la obra del <strong>Camino Monte Com\u00e1n\u2013La Horqueta<\/strong>, la <strong>l\u00ednea el\u00e9ctrica de 132 kW<\/strong> que conectar\u00e1 al departamento con el sistema nacional, y la incorporaci\u00f3n de <strong>partidas espec\u00edficas para el mantenimiento de caminos ganaderos<\/strong>.<\/p>\n<p>Labay tambi\u00e9n subray\u00f3 la importancia del trabajo conjunto con las dem\u00e1s c\u00e1maras del sur provincial: <strong><em>\u201cLa integraci\u00f3n con San Rafael y Malarg\u00fce fue fundamental. Pudimos conformar un bloque regional y avanzar hacia la creaci\u00f3n de una Federaci\u00f3n de C\u00e1maras del Sur Mendocino\u201d<\/em>.<\/strong><\/p>\n<p>Otro de los hitos mencionados fue la <strong>creaci\u00f3n de la espec\u00edfica de Apicultura<\/strong>, un sector con gran potencial productivo que \u2014seg\u00fan el dirigente\u2014<em><strong> \u201cestaba relegado y hoy ha logrado visibilidad y fortalecimiento\u201d.<\/strong><\/em><\/p>\n<p>El titular saliente destac\u00f3 adem\u00e1s la buena relaci\u00f3n institucional con el <strong>municipio de General Alvear<\/strong>, con el que se concretaron proyectos como el <strong>Polo Hort\u00edcola<\/strong>, y la puesta en valor del <strong>predio ferial<\/strong>, sede de la tradicional <strong>Fiesta Nacional de la Ganader\u00eda<\/strong>, pero tambi\u00e9n escenario de m\u00faltiples eventos sociales, ferias y festivales:<strong> <em>\u201cQueremos que el predio tenga actividad durante todo el a\u00f1o, no solo en la fiesta principal\u201d<\/em><\/strong>, sostuvo.<\/p>\n<p>En materia institucional, Labay remarc\u00f3 que durante su gesti\u00f3n se sumaron m\u00e1s de <strong>50 nuevos socios<\/strong>, aunque reconoci\u00f3 que <strong><em>\u201cel desaf\u00edo sigue siendo lograr una mayor participaci\u00f3n y compromiso del sector privado, porque juntos se pueden concretar gestiones imposibles de lograr de manera individual\u201d<\/em>.<\/strong><\/p>\n<p>Consultado sobre la situaci\u00f3n econ\u00f3mica actual, el dirigente reconoci\u00f3 que el contexto es <strong>complejo<\/strong> y que la transici\u00f3n nacional<em><strong> \u201cha corregido variables macroecon\u00f3micas, pero a\u00fan no se reflejan mejoras en el bolsillo diario\u201d.<\/strong><\/em> Tambi\u00e9n se\u00f1al\u00f3 el impacto de la <strong>quita de subsidios y la ca\u00edda del consumo<\/strong>, aunque consider\u00f3 que <em><strong>\u201cson medidas estructurales necesarias para generar crecimiento genuino y empleo real\u201d.<\/strong><\/em><\/p>\n<p>Finalmente, Labay se mostr\u00f3 agradecido con su equipo y con los socios de la instituci\u00f3n, adelantando que, tras dejar la presidencia, dedicar\u00e1 m\u00e1s tiempo a su actividad privada y a su familia, aunque continuar\u00e1 vinculado a la C\u00e1mara: <strong><em>\u201cFue una etapa intensa y de mucho trabajo, pero me voy con la satisfacci\u00f3n de haber aportado al desarrollo del departamento. La C\u00e1mara sigue siendo el nexo entre el sector privado y el Estado, y ese es el camino que debemos continuar\u201d<\/em>.<\/strong><\/p>\n","protected":false},"excerpt":{"rendered":"<p>La C\u00e1mara de Comercio, Industria, Agricultura y Ganader\u00eda de General Alvear celebr\u00f3 su Asamblea General Ordinaria, donde se realiz\u00f3 el cambio &#8230;<\/p>\n","protected":false},"author":7,"featured_media":154098,"comment_status":"open","ping_status":"open","sticky":false,"template":"","format":"standard","meta":{"footnotes":""},"categories":[5,32],"tags":[],"class_list":["post-154092","post","type-post","status-publish","format-standard","has-post-thumbnail","hentry","category-actualidad","category-camara-de-comercio"],"_links":{"self":[{"href":"https:\/\/vinasfm.com\/noticias\/wp-json\/wp\/v2\/posts\/154092","targetHints":{"allow":["GET"]}}],"collection":[{"href":"https:\/\/vinasfm.com\/noticias\/wp-json\/wp\/v2\/posts"}],"about":[{"href":"https:\/\/vinasfm.com\/noticias\/wp-json\/wp\/v2\/types\/post"}],"author":[{"embeddable":true,"href":"https:\/\/vinasfm.com\/noticias\/wp-json\/wp\/v2\/users\/7"}],"replies":[{"embeddable":true,"href":"https:\/\/vinasfm.com\/noticias\/wp-json\/wp\/v2\/comments?post=154092"}],"version-history":[{"count":2,"href":"https:\/\/vinasfm.com\/noticias\/wp-json\/wp\/v2\/posts\/154092\/revisions"}],"predecessor-version":[{"id":154115,"href":"https:\/\/vinasfm.com\/noticias\/wp-json\/wp\/v2\/posts\/154092\/revisions\/154115"}],"wp:featuredmedia":[{"embeddable":true,"href":"https:\/\/vinasfm.com\/noticias\/wp-json\/wp\/v2\/media\/154098"}],"wp:attachment":[{"href":"https:\/\/vinasfm.com\/noticias\/wp-json\/wp\/v2\/media?parent=154092"}],"wp:term":[{"taxonomy":"category","embeddable":true,"href":"https:\/\/vinasfm.com\/noticias\/wp-json\/wp\/v2\/categories?post=154092"},{"taxonomy":"post_tag","embeddable":true,"href":"https:\/\/vinasfm.com\/noticias\/wp-json\/wp\/v2\/tags?post=154092"}],"curies":[{"name":"wp","href":"https:\/\/api.w.org\/{rel}","templated":true}]}}