{"id":154061,"date":"2025-10-20T11:00:51","date_gmt":"2025-10-20T14:00:51","guid":{"rendered":"https:\/\/vinasfm.com\/noticias\/?p=154061"},"modified":"2025-10-21T10:21:24","modified_gmt":"2025-10-21T13:21:24","slug":"alvear-se-vistio-de-rosa-en-una-jornada-dedicada-a-la-concientizacion-sobre-el-cancer-de-mama","status":"publish","type":"post","link":"https:\/\/vinasfm.com\/noticias\/alvear-se-vistio-de-rosa-en-una-jornada-dedicada-a-la-concientizacion-sobre-el-cancer-de-mama\/","title":{"rendered":"ALVEAR SE VISTI\u00d3 DE ROSA EN UNA JORNADA DEDICADA A LA CONCIENTIZACI\u00d3N SOBRE EL C\u00c1NCER DE MAMA"},"content":{"rendered":"<h4><strong><span style=\"color: #ff00ff;\">Este 19 de octubre, en el marco del \u201cOctubre Rosa\u201d, la Municipalidad de General Alvear llev\u00f3 adelante una emotiva y participativa actividad de concientizaci\u00f3n sobre el c\u00e1ncer de mama, en conjunto con diversas instituciones locales comprometidas con la salud y la prevenci\u00f3n.<\/span><\/strong><\/h4>\n<p>La jornada comenz\u00f3 con una caminata que parti\u00f3 desde la sede de OSEP, continu\u00f3 en el monumento donde se form\u00f3 un gran lazo rosa humano, s\u00edmbolo internacional de la lucha contra esta enfermedad y culmin\u00f3 en el Paseo de los Artesanos. All\u00ed, vecinos, profesionales de la salud, organizaciones y autoridades unieron esfuerzos para destacar la importancia de la detecci\u00f3n temprana.<\/p>\n<p><strong><span style=\"color: #003366;\">Jimena Colombres<\/span><\/strong>,<em> Coordinadora de Mujer y G\u00e9nero de la Direcci\u00f3n de Familia del municipio<\/em>, explic\u00f3:<strong><em> \u201cconmemoramos este d\u00eda con una actividad que busca crear conciencia. El lazo rosa es un emblema mundial que representa la lucha y, sobre todo, la importancia de prevenir a tiempo. Luego de la caminata nos dirigimos al Paseo de los Artesanos, donde contamos con la presencia de distintas instituciones como el Hospital Enfermeros Argentinos, OSEP, ALCEC, Quimio con Cabello, el programa Municipio Saludable, y nuestra coordinaci\u00f3n dentro de la Direcci\u00f3n de Familia\u201d.<\/em><\/strong><\/p>\n<p>Adem\u00e1s, Colombres destac\u00f3 el compromiso de la comunidad:<em><strong> \u201cestamos muy agradecidos por el acompa\u00f1amiento. Inclusive se acerc\u00f3 una vecina del departamento, que actualmente reside en La Pampa, para realizar una donaci\u00f3n muy significativa al Hospital Enfermeros Argentinos. Este tipo de gestos muestran c\u00f3mo la solidaridad tambi\u00e9n forma parte de esta lucha\u201d.<\/strong><\/em><\/p>\n<p><a href=\"https:\/\/vinasfm.com\/noticias\/wp-content\/uploads\/2025\/10\/IMG-20251020-WA0063.jpg\"><img loading=\"lazy\" decoding=\"async\" class=\"wp-image-154058 aligncenter\" src=\"https:\/\/vinasfm.com\/noticias\/wp-content\/uploads\/2025\/10\/IMG-20251020-WA0063-1024x681.jpg\" alt=\"\" width=\"600\" height=\"399\" srcset=\"https:\/\/vinasfm.com\/noticias\/wp-content\/uploads\/2025\/10\/IMG-20251020-WA0063-1024x681.jpg 1024w, https:\/\/vinasfm.com\/noticias\/wp-content\/uploads\/2025\/10\/IMG-20251020-WA0063-300x200.jpg 300w, https:\/\/vinasfm.com\/noticias\/wp-content\/uploads\/2025\/10\/IMG-20251020-WA0063-768x511.jpg 768w, https:\/\/vinasfm.com\/noticias\/wp-content\/uploads\/2025\/10\/IMG-20251020-WA0063-1536x1021.jpg 1536w, https:\/\/vinasfm.com\/noticias\/wp-content\/uploads\/2025\/10\/IMG-20251020-WA0063.jpg 1600w\" sizes=\"auto, (max-width: 600px) 100vw, 600px\" \/><\/a><\/p>\n<p>Por su parte, <span style=\"color: #003366;\"><strong>Anal\u00eda Tumas<\/strong><\/span>, <em>representante de ALCEC<\/em>, subray\u00f3 el valor del trabajo conjunto y del acceso a estudios m\u00e9dicos: <strong><em>\u201cestamos felices de ver familias participando, sensibiliz\u00e1ndose. La prevenci\u00f3n sigue siendo la herramienta m\u00e1s poderosa. En el caso del c\u00e1ncer de mama, detectado a tiempo, tiene un alto \u00edndice de curaci\u00f3n. Por eso insistimos en la importancia de los controles peri\u00f3dicos\u201d.<\/em><\/strong><\/p>\n<p>Tumas tambi\u00e9n remarc\u00f3 el trabajo que realiza ALCEC con el mam\u00f3grafo que funciona en el Hospital Enfermeros Argentinos. <em><strong>\u201cActualmente se realizan entre 120 y 140 mamograf\u00edas mensuales. En este mes de octubre, gracias a un esfuerzo conjunto con el hospital, vamos a ampliar ese n\u00famero para que ninguna mujer se quede sin control\u201d<\/strong><\/em>, se\u00f1al\u00f3. Asimismo, invit\u00f3 a quienes deseen gestionar su turno a acercarse a la sede de ALCEC, ubicada en calle Zamenhof 57 de ciudad, donde tambi\u00e9n se est\u00e1 proyectando una ampliaci\u00f3n para mejorar los servicios disponibles.<\/p>\n","protected":false},"excerpt":{"rendered":"<p>Este 19 de octubre, en el marco del \u201cOctubre Rosa\u201d, la Municipalidad de General Alvear llev\u00f3 adelante una emotiva y participativa &#8230;<\/p>\n","protected":false},"author":7,"featured_media":154060,"comment_status":"open","ping_status":"open","sticky":false,"template":"","format":"standard","meta":{"footnotes":""},"categories":[15,11],"tags":[],"class_list":["post-154061","post","type-post","status-publish","format-standard","has-post-thumbnail","hentry","category-salud","category-sociales"],"_links":{"self":[{"href":"https:\/\/vinasfm.com\/noticias\/wp-json\/wp\/v2\/posts\/154061","targetHints":{"allow":["GET"]}}],"collection":[{"href":"https:\/\/vinasfm.com\/noticias\/wp-json\/wp\/v2\/posts"}],"about":[{"href":"https:\/\/vinasfm.com\/noticias\/wp-json\/wp\/v2\/types\/post"}],"author":[{"embeddable":true,"href":"https:\/\/vinasfm.com\/noticias\/wp-json\/wp\/v2\/users\/7"}],"replies":[{"embeddable":true,"href":"https:\/\/vinasfm.com\/noticias\/wp-json\/wp\/v2\/comments?post=154061"}],"version-history":[{"count":2,"href":"https:\/\/vinasfm.com\/noticias\/wp-json\/wp\/v2\/posts\/154061\/revisions"}],"predecessor-version":[{"id":154063,"href":"https:\/\/vinasfm.com\/noticias\/wp-json\/wp\/v2\/posts\/154061\/revisions\/154063"}],"wp:featuredmedia":[{"embeddable":true,"href":"https:\/\/vinasfm.com\/noticias\/wp-json\/wp\/v2\/media\/154060"}],"wp:attachment":[{"href":"https:\/\/vinasfm.com\/noticias\/wp-json\/wp\/v2\/media?parent=154061"}],"wp:term":[{"taxonomy":"category","embeddable":true,"href":"https:\/\/vinasfm.com\/noticias\/wp-json\/wp\/v2\/categories?post=154061"},{"taxonomy":"post_tag","embeddable":true,"href":"https:\/\/vinasfm.com\/noticias\/wp-json\/wp\/v2\/tags?post=154061"}],"curies":[{"name":"wp","href":"https:\/\/api.w.org\/{rel}","templated":true}]}}