{"id":154031,"date":"2025-10-18T10:19:23","date_gmt":"2025-10-18T13:19:23","guid":{"rendered":"https:\/\/vinasfm.com\/noticias\/?p=154031"},"modified":"2025-10-20T10:28:47","modified_gmt":"2025-10-20T13:28:47","slug":"se-desarrollo-la-9a-edicion-de-la-expo-cerdo-en-general-alvear-tras-seis-anos-de-ausencia","status":"publish","type":"post","link":"https:\/\/vinasfm.com\/noticias\/se-desarrollo-la-9a-edicion-de-la-expo-cerdo-en-general-alvear-tras-seis-anos-de-ausencia\/","title":{"rendered":"SE DESARROLL\u00d3 LA 9\u00aa EDICI\u00d3N DE LA EXPO CERDO EN GENERAL ALVEAR TRAS SEIS A\u00d1OS DE AUSENCIA"},"content":{"rendered":"<h4><span style=\"color: #003300;\"><strong>El encuentro se llev\u00f3 a cabo en Bodega Fara\u00f3n, ubicada en Calle 10 y Ruta Nacional 188, y se extender\u00e1 hasta el s\u00e1bado. Participan productores locales, especialistas, empresas del rubro porcino, estudiantes y p\u00fablico general.<\/strong><\/span><\/h4>\n<p>El evento ofrece una serie de jornadas t\u00e9cnicas que abordan distintos aspectos de la producci\u00f3n porcina. Entre los temas destacados figuran: <strong>actualidad y tendencias del mercado, manejo de granjas con cama profunda, sanidad y nutrici\u00f3n, e inseminaci\u00f3n artificial, que incluye una charla te\u00f3rica y un taller pr\u00e1ctico.<\/strong> Adem\u00e1s, se realiza la venta de reproductores y gen\u00e9tica porcina, con presencia de empresas proveedoras de insumos, instalaciones y soluciones tecnol\u00f3gicas.<\/p>\n<p>La propuesta incluye tambi\u00e9n un patio de comidas, degustaciones de vinos locales y m\u00fasica en vivo, con el objetivo de sumar al p\u00fablico general e incentivar el v\u00ednculo entre el sector productivo y la comunidad.<\/p>\n<p>El<em> secretario de Desarrollo de General Alvear<\/em>, <strong><span style=\"color: #003366;\">Hugo Molina<\/span><\/strong>, destac\u00f3 el trabajo realizado en el \u00faltimo a\u00f1o y medio junto a productores del departamento. Seg\u00fan explic\u00f3, se ha acompa\u00f1ado a peque\u00f1os emprendimientos en el proceso de formalizaci\u00f3n, habilitaci\u00f3n municipal y provincial, lo que les permite hoy acceder a cr\u00e9ditos y asistencia t\u00e9cnica. <strong><em>\u201cEsto nos permite acercar herramientas concretas para mejorar sus condiciones de producci\u00f3n y ampliar sus posibilidades\u201d<\/em><\/strong>, se\u00f1al\u00f3.<\/p>\n<p>Por su parte, <span style=\"color: #003366;\"><strong>Eduardo Terrado<\/strong><\/span>, <em>director nacional de Producci\u00f3n Porcina<\/em>, valor\u00f3 el regreso de la muestra y la participaci\u00f3n de distintos sectores.<strong><em> \u201cLos temas que se abordan son los necesarios. El perfil de los organizadores es el adecuado. La presencia de estudiantes tambi\u00e9n es importante para el desarrollo futuro del sector\u201d<\/em><\/strong>, dijo. En ese marco, remarc\u00f3 el lanzamiento de la l\u00ednea de cr\u00e9dito Valor Porcino, que permitir\u00e1 a los productores financiarse con un sistema basado en kilos de carne, brindando previsibilidad a largo plazo.<\/p>\n<div id=\"attachment_154030\" style=\"width: 600px\" class=\"wp-caption aligncenter\"><a href=\"https:\/\/vinasfm.com\/noticias\/wp-content\/uploads\/2025\/10\/IMG-20251017-WA0058.jpg\"><img loading=\"lazy\" decoding=\"async\" aria-describedby=\"caption-attachment-154030\" class=\"wp-image-154030\" src=\"https:\/\/vinasfm.com\/noticias\/wp-content\/uploads\/2025\/10\/IMG-20251017-WA0058-1024x576.jpg\" alt=\"\" width=\"600\" height=\"338\" srcset=\"https:\/\/vinasfm.com\/noticias\/wp-content\/uploads\/2025\/10\/IMG-20251017-WA0058-1024x576.jpg 1024w, https:\/\/vinasfm.com\/noticias\/wp-content\/uploads\/2025\/10\/IMG-20251017-WA0058-300x169.jpg 300w, https:\/\/vinasfm.com\/noticias\/wp-content\/uploads\/2025\/10\/IMG-20251017-WA0058-768x432.jpg 768w, https:\/\/vinasfm.com\/noticias\/wp-content\/uploads\/2025\/10\/IMG-20251017-WA0058-1536x864.jpg 1536w, https:\/\/vinasfm.com\/noticias\/wp-content\/uploads\/2025\/10\/IMG-20251017-WA0058-1140x641.jpg 1140w, https:\/\/vinasfm.com\/noticias\/wp-content\/uploads\/2025\/10\/IMG-20251017-WA0058.jpg 1600w\" sizes=\"auto, (max-width: 600px) 100vw, 600px\" \/><\/a><p id=\"caption-attachment-154030\" class=\"wp-caption-text\">Expo Cerdo 2025<\/p><\/div>\n<p>Entre los expositores locales, <span style=\"color: #003366;\"><strong>Juan Carlos Garc\u00eda<\/strong>,<\/span> <em>integrante del grupo de productores del Atuel<\/em>, sostuvo que la Expo permite visibilizar el trabajo realizado en conjunto con la municipalidad. Destac\u00f3 los avances en infraestructura, sanidad, gen\u00e9tica y formalizaci\u00f3n de criaderos.<em><strong> \u201cNos hemos agrupado, presentamos proyectos y logramos apoyo. Hoy hay resultados concretos que pueden observarse en el terreno\u201d<\/strong><\/em>, afirm\u00f3.<\/p>\n<p>La Expo Cerdo contin\u00faa hasta el s\u00e1bado. Para el cierre est\u00e1 prevista la realizaci\u00f3n del taller de inseminaci\u00f3n artificial, adem\u00e1s de las actividades recreativas ya programadas. Desde la organizaci\u00f3n invitan a productores, t\u00e9cnicos y p\u00fablico en general a acercarse y participar.<\/p>\n","protected":false},"excerpt":{"rendered":"<p>El encuentro se llev\u00f3 a cabo en Bodega Fara\u00f3n, ubicada en Calle 10 y Ruta Nacional 188, y se extender\u00e1 hasta &#8230;<\/p>\n","protected":false},"author":7,"featured_media":154029,"comment_status":"open","ping_status":"open","sticky":false,"template":"","format":"standard","meta":{"footnotes":""},"categories":[5,10],"tags":[],"class_list":["post-154031","post","type-post","status-publish","format-standard","has-post-thumbnail","hentry","category-actualidad","category-destacadas"],"_links":{"self":[{"href":"https:\/\/vinasfm.com\/noticias\/wp-json\/wp\/v2\/posts\/154031","targetHints":{"allow":["GET"]}}],"collection":[{"href":"https:\/\/vinasfm.com\/noticias\/wp-json\/wp\/v2\/posts"}],"about":[{"href":"https:\/\/vinasfm.com\/noticias\/wp-json\/wp\/v2\/types\/post"}],"author":[{"embeddable":true,"href":"https:\/\/vinasfm.com\/noticias\/wp-json\/wp\/v2\/users\/7"}],"replies":[{"embeddable":true,"href":"https:\/\/vinasfm.com\/noticias\/wp-json\/wp\/v2\/comments?post=154031"}],"version-history":[{"count":2,"href":"https:\/\/vinasfm.com\/noticias\/wp-json\/wp\/v2\/posts\/154031\/revisions"}],"predecessor-version":[{"id":154034,"href":"https:\/\/vinasfm.com\/noticias\/wp-json\/wp\/v2\/posts\/154031\/revisions\/154034"}],"wp:featuredmedia":[{"embeddable":true,"href":"https:\/\/vinasfm.com\/noticias\/wp-json\/wp\/v2\/media\/154029"}],"wp:attachment":[{"href":"https:\/\/vinasfm.com\/noticias\/wp-json\/wp\/v2\/media?parent=154031"}],"wp:term":[{"taxonomy":"category","embeddable":true,"href":"https:\/\/vinasfm.com\/noticias\/wp-json\/wp\/v2\/categories?post=154031"},{"taxonomy":"post_tag","embeddable":true,"href":"https:\/\/vinasfm.com\/noticias\/wp-json\/wp\/v2\/tags?post=154031"}],"curies":[{"name":"wp","href":"https:\/\/api.w.org\/{rel}","templated":true}]}}