{"id":154018,"date":"2025-10-19T09:53:40","date_gmt":"2025-10-19T12:53:40","guid":{"rendered":"https:\/\/vinasfm.com\/noticias\/?p=154018"},"modified":"2025-10-20T11:05:36","modified_gmt":"2025-10-20T14:05:36","slug":"andres-merlos-intimo-al-intendente-alejandro-molero-a-retractarse-publicamente-por-sus-declaraciones","status":"publish","type":"post","link":"https:\/\/vinasfm.com\/noticias\/andres-merlos-intimo-al-intendente-alejandro-molero-a-retractarse-publicamente-por-sus-declaraciones\/","title":{"rendered":"ANDR\u00c9S MERLOS INTIM\u00d3 AL INTENDENTE ALEJANDRO MOLERO A RETRACTARSE P\u00daBLICAMENTE POR SUS DECLARACIONES"},"content":{"rendered":"<h4><strong><span style=\"color: #003300;\">El conflicto entre el presidente de la Liga Alvearense de F\u00fatbol, Andr\u00e9s Merlos, y el intendente de General Alvear, Alejandro Molero, sum\u00f3 un nuevo cap\u00edtulo. A trav\u00e9s de una carta documento, Merlos intim\u00f3 al jefe comunal a retractarse p\u00fablicamente y rectificar informaci\u00f3n que considera falsa y difamatoria.<\/span><\/strong><\/h4>\n<p>El \u00e1rbitro internacional y dirigente deportivo otorg\u00f3 un plazo de <strong>48 horas h\u00e1biles<\/strong> para que Molero cumpla con tres exigencias: retractarse de las declaraciones que, seg\u00fan Merlos,<strong> lesionan su honor; rectificar p\u00fablicamente la informaci\u00f3n difundida; y abstenerse de realizar en el futuro nuevas manifestaciones que afecten su reputaci\u00f3n o desempe\u00f1o profesional.<\/strong><\/p>\n<p>En el documento, <span style=\"color: #003366;\"><strong>Merlos<\/strong> <\/span>se\u00f1ala que las expresiones que motivan la intimaci\u00f3n incluyen afirmaciones atribuidas al intendente en medios de comunicaci\u00f3n, redes sociales y canales oficiales del municipio. Entre ellas, menciona acusaciones de haber emitido una<strong><em> \u201ccarta falsa\u201d<\/em><\/strong>, solicitado <strong>32 millones de pesos<\/strong> para la participaci\u00f3n de la Selecci\u00f3n en Tandil, y haber enviado <strong>mensajes amenazantes<\/strong> con ofrecimientos de<em><strong> \u201cmano a mano\u201d<\/strong><\/em>. Tambi\u00e9n hace referencia a supuestos dichos replicados por Molero en los que se lo calific\u00f3 de<strong><em> \u201cmafioso\u201d<\/em><\/strong>, <strong><em>\u201cmat\u00f3n\u201d<\/em><\/strong> y <em><strong>\u201cde lo peor del f\u00fatbol argentino\u201d.<\/strong><\/em><\/p>\n<p><em><strong>\u201cEstas manifestaciones son gravemente ofensivas y acusatorias, ya que imputan hechos falsos y utilizan un vocabulario claramente injurioso\u201d<\/strong><\/em>, expresa Merlos en el texto, destacando que las declaraciones <em><strong>\u201ccarecen de sustento probatorio\u201d<\/strong><\/em> y han generado un <strong><em>\u201cda\u00f1o concreto y directo\u201d<\/em><\/strong> a su nombre y trayectoria profesional.<\/p>\n<p>El dirigente advierte adem\u00e1s que, en caso de no recibir una respuesta satisfactoria dentro del plazo establecido, <strong>iniciar\u00e1 acciones civiles y penales<\/strong> contra el intendente, con reclamo de da\u00f1os y perjuicios.<\/p>\n<p>Este enfrentamiento p\u00fablico entre Merlos y Molero se origin\u00f3 semanas atr\u00e1s, a ra\u00edz de las <strong>declaraciones cruzadas por el viaje de la Selecci\u00f3n alvearense a Tandil<\/strong>, y ha escalado con el correr de los d\u00edas, sumando un nuevo episodio a la tensa relaci\u00f3n entre el municipio y la dirigencia de la Liga Alvearense de F\u00fatbol.<\/p>\n<h2>LA CARTA DOCUMENTO:<\/h2>\n<p>Por medio de la presente, en mi car\u00e1cter personal y como funcionario deportivo y representante institucional de la Liga Alvearense de F\u00fatbol, intimo formalmente a Ud. a que, en el plazo de 48 (cuarenta y ocho) horas h\u00e1biles contadas desde la recepci\u00f3n de esta misiva, proceda a: 1) Retractarse p\u00fablicamente de las expresiones injuriantes, difamatorias y sin fundamento que ha vertido en diversos medios de comunicaci\u00f3n, redes sociales y canales oficiales del Municipio de General Alvear; 2) Rectificar la informaci\u00f3n falsa difundida, mediante publicaci\u00f3n en los mismos medios, plataformas y formatos donde sus expresiones agraviantes fueron propagadas (radios, prensa escrita, redes sociales y canales oficiales del municipio); y 3) Abstenerse de emitir en el futuro manifestaciones que directa o indirectamente lesionen mi honor, reputaci\u00f3n, dignidad o desempe\u00f1o profesional. Las expresiones que motivan esta intimaci\u00f3n incluyen, entre otras: que yo habr\u00eda emitido una \u201ccarta falsa\u201d generadora de \u201cincertidumbre\u201d; que habr\u00eda solicitado una suma de treinta y dos millones de pesos para comenzar (supuestamente con respaldo o acuerdo con San Rafael); que habr\u00eda enviado mensajes amenazantes, incluso a altas horas de la noche (23:00 hs), con ofrecimientos de \u201cmano a mano\u201d, cuando en realidad mi \u00fanica intenci\u00f3n fue solucionar las cosas; que replic\u00f3 los supuestos dichos del presidente de Talleres afirmando que soy \u201cmafioso\u201d, \u201cdelincuente\u201d, \u201cmat\u00f3n\u201d, \u201cde lo peor del f\u00fatbol argentino\u201d, \u201cque entran con armas a los vestuarios y todo gira en torno a Merlos\u201d, que \u201ccontamino\u201d el deporte local, que trabajo para \u201cr\u00e9dito personal\u201d, etc.; que \u201cno me dejar\u00edan entrar al deporte de Alvear\u201d, que \u201cno conozco lo que pasa en Alvear\u201d y que \u201cno me van a aceptar en Alvear\u201d. Estas manifestaciones son gravemente ofensivas y acusatorias, ya que imputan hechos falsos (amenazas, extorsi\u00f3n y falsedad documental) y utiliza un vocabulario claramente injurioso. Carecen de sustento probatorio y, al tratarse de declaraciones p\u00fablicas efectuadas por una autoridad municipal, generan un da\u00f1o concreto y directo a mi buen nombre, mi honor y mi trayectoria institucional y profesional. En caso de que no cumpla con las medidas reclamadas en el plazo concedido, me reservo el derecho de iniciar las acciones civiles y penales que correspondan, con reclamo de da\u00f1os y perjuicios y costas a su exclusivo cargo. Queda Ud. debidamente notificado.<\/p>\n","protected":false},"excerpt":{"rendered":"<p>El conflicto entre el presidente de la Liga Alvearense de F\u00fatbol, Andr\u00e9s Merlos, y el intendente de General Alvear, Alejandro Molero, &#8230;<\/p>\n","protected":false},"author":7,"featured_media":154017,"comment_status":"open","ping_status":"open","sticky":false,"template":"","format":"standard","meta":{"footnotes":""},"categories":[70,73],"tags":[],"class_list":["post-154018","post","type-post","status-publish","format-standard","has-post-thumbnail","hentry","category-insolito","category-polemica"],"_links":{"self":[{"href":"https:\/\/vinasfm.com\/noticias\/wp-json\/wp\/v2\/posts\/154018","targetHints":{"allow":["GET"]}}],"collection":[{"href":"https:\/\/vinasfm.com\/noticias\/wp-json\/wp\/v2\/posts"}],"about":[{"href":"https:\/\/vinasfm.com\/noticias\/wp-json\/wp\/v2\/types\/post"}],"author":[{"embeddable":true,"href":"https:\/\/vinasfm.com\/noticias\/wp-json\/wp\/v2\/users\/7"}],"replies":[{"embeddable":true,"href":"https:\/\/vinasfm.com\/noticias\/wp-json\/wp\/v2\/comments?post=154018"}],"version-history":[{"count":2,"href":"https:\/\/vinasfm.com\/noticias\/wp-json\/wp\/v2\/posts\/154018\/revisions"}],"predecessor-version":[{"id":154020,"href":"https:\/\/vinasfm.com\/noticias\/wp-json\/wp\/v2\/posts\/154018\/revisions\/154020"}],"wp:featuredmedia":[{"embeddable":true,"href":"https:\/\/vinasfm.com\/noticias\/wp-json\/wp\/v2\/media\/154017"}],"wp:attachment":[{"href":"https:\/\/vinasfm.com\/noticias\/wp-json\/wp\/v2\/media?parent=154018"}],"wp:term":[{"taxonomy":"category","embeddable":true,"href":"https:\/\/vinasfm.com\/noticias\/wp-json\/wp\/v2\/categories?post=154018"},{"taxonomy":"post_tag","embeddable":true,"href":"https:\/\/vinasfm.com\/noticias\/wp-json\/wp\/v2\/tags?post=154018"}],"curies":[{"name":"wp","href":"https:\/\/api.w.org\/{rel}","templated":true}]}}