{"id":154005,"date":"2025-10-20T08:29:25","date_gmt":"2025-10-20T11:29:25","guid":{"rendered":"https:\/\/vinasfm.com\/noticias\/?p=154005"},"modified":"2025-10-20T11:04:12","modified_gmt":"2025-10-20T14:04:12","slug":"elecciones-y-transporte-como-funcionara-el-domingo-proximo-en-corta-media-y-larga-distancia","status":"publish","type":"post","link":"https:\/\/vinasfm.com\/noticias\/elecciones-y-transporte-como-funcionara-el-domingo-proximo-en-corta-media-y-larga-distancia\/","title":{"rendered":"ELECCIONES Y TRANSPORTE: C\u00d3MO FUNCIONAR\u00c1 EL DOMINGO PR\u00d3XIMO EN CORTA, MEDIA Y LARGA DISTANCIA"},"content":{"rendered":"<h4><span style=\"color: #003300;\"><strong>Con medidas especiales, el domingo 26 de octubre estar\u00e1 garantizado el traslado de las personas habilitadas a votar en toda la provincia. El transporte p\u00fablico ser\u00e1 gratuito entre las 7 y las 20 para todas las personas mayores de 16 a\u00f1os que se dirijan a emitir su voto.<\/strong><\/span><\/h4>\n<p>El beneficio rige para los servicios urbanos, de media y larga distancia, incluido el Metrotranv\u00eda, y est\u00e1 establecido por la Resoluci\u00f3n 728\/2015. La medida tiene validez solo dentro del territorio provincial y se activa en cada jornada electoral.<\/p>\n<p>Durante ese d\u00eda, el transporte funcionar\u00e1 con las\u00a0<strong>frecuencias habituales de un domingo<\/strong>.<\/p>\n<p><strong>C\u00f3mo acceder al pasaje gratuito<\/strong><\/p>\n<p>Para el servicio<strong>\u00a0urbano:<\/strong><\/p>\n<ul>\n<li>Presentar\u00a0<strong>DNI o constancia de voto<\/strong>\u00a0al chofer.<\/li>\n<\/ul>\n<p>Para los servicios de<strong>\u00a0media y larga distancia:<\/strong><\/p>\n<ul>\n<li>Acercarse a la boleter\u00eda correspondiente\u00a0<strong>hasta el s\u00e1bado 25 a las 13<\/strong>\u00a0con el\u00a0<strong>DNI<\/strong>.<\/li>\n<li>Se entregar\u00e1 un\u00a0<strong>pasaje de ida y vuelta<\/strong>, v\u00e1lido\u00a0<strong>solo para el d\u00eda de la elecci\u00f3n<\/strong>.<\/li>\n<li>El trayecto debe coincidir con\u00a0<strong>el lugar de votaci\u00f3n y el punto de emisi\u00f3n del boleto<\/strong>.<\/li>\n<\/ul>\n<p>Luego de las 20, el servicio volver\u00e1 a tener su tarifa habitual.<\/p>\n<p><strong>Planificar el viaje<\/strong><\/p>\n<p>Los usuarios del\u00a0<strong>Gran Mendoza y Lavalle<\/strong>\u00a0pueden planificar su recorrido mediante la aplicaci\u00f3n\u00a0<strong>Mendotran Cu\u00e1ndo Subo<\/strong>, que permite conocer en tiempo real el horario de arribo de los colectivos.<br \/>\nQuienes viajen en\u00a0<strong>media o larga distancia<\/strong>\u00a0deber\u00e1n consultar los horarios en las\u00a0<strong>empresas correspondientes<\/strong>.<\/p>\n<p><strong>En pocas palabras:\u00a0<\/strong><\/p>\n<p>Para las elecciones, Mendoza tendr\u00e1 \u00a0Transporte gratuito para ir a votar<\/p>\n<p>&#x1f558; De\u00a0<strong>7 a 20<\/strong><br \/>\n&#x1f4cd; Solo para personas\u00a0<strong>mayores de 16 a\u00f1os<\/strong><\/p>\n<p><strong>&#x1f688;<\/strong><strong>\u00a0Servicios incluidos<\/strong><\/p>\n<p>&#x2705; Colectivos urbanos<br \/>\n&#x2705; Media y larga distancia<br \/>\n&#x2705; Metrotranv\u00eda<\/p>\n<p><strong>&#x1faaa;<\/strong><strong>\u00a0Qu\u00e9 necesit\u00e1s<\/strong><\/p>\n<p>&#x1f7e9;\u00a0<strong>Servicio urbano:<\/strong>\u00a0mostrar\u00a0<strong>DNI o constancia de voto<\/strong><br \/>\n&#x1f7e7;\u00a0<strong>Media y larga distancia:<\/strong><\/p>\n<ul>\n<li>Sac\u00e1 el pasaje\u00a0<strong>hasta el s\u00e1bado 25 a las 13<\/strong><\/li>\n<li>Con tu\u00a0<strong>DNI<\/strong><\/li>\n<\/ul>\n<ul>\n<li>Boleto\u00a0<strong>ida y vuelta<\/strong>, v\u00e1lido solo el d\u00eda de la elecci\u00f3n<\/li>\n<\/ul>\n<p><strong>&#x1f4f1;<\/strong><strong>\u00a0Planific\u00e1 tu viaje<\/strong><\/p>\n<p>&#x1f4cd; En el\u00a0<strong>Gran Mendoza y Lavalle<\/strong>\u00a0\u2192 app\u00a0<strong>Mendotran Cu\u00e1ndo Subo<\/strong><br \/>\n&#x1f68c; En larga distancia \u2192 consult\u00e1 horarios en tu empresa<\/p>\n","protected":false},"excerpt":{"rendered":"<p>Con medidas especiales, el domingo 26 de octubre estar\u00e1 garantizado el traslado de las personas habilitadas a votar en toda la &#8230;<\/p>\n","protected":false},"author":7,"featured_media":154006,"comment_status":"open","ping_status":"open","sticky":false,"template":"","format":"standard","meta":{"footnotes":""},"categories":[23,66],"tags":[],"class_list":["post-154005","post","type-post","status-publish","format-standard","has-post-thumbnail","hentry","category-elecciones","category-transporte"],"_links":{"self":[{"href":"https:\/\/vinasfm.com\/noticias\/wp-json\/wp\/v2\/posts\/154005","targetHints":{"allow":["GET"]}}],"collection":[{"href":"https:\/\/vinasfm.com\/noticias\/wp-json\/wp\/v2\/posts"}],"about":[{"href":"https:\/\/vinasfm.com\/noticias\/wp-json\/wp\/v2\/types\/post"}],"author":[{"embeddable":true,"href":"https:\/\/vinasfm.com\/noticias\/wp-json\/wp\/v2\/users\/7"}],"replies":[{"embeddable":true,"href":"https:\/\/vinasfm.com\/noticias\/wp-json\/wp\/v2\/comments?post=154005"}],"version-history":[{"count":1,"href":"https:\/\/vinasfm.com\/noticias\/wp-json\/wp\/v2\/posts\/154005\/revisions"}],"predecessor-version":[{"id":154007,"href":"https:\/\/vinasfm.com\/noticias\/wp-json\/wp\/v2\/posts\/154005\/revisions\/154007"}],"wp:featuredmedia":[{"embeddable":true,"href":"https:\/\/vinasfm.com\/noticias\/wp-json\/wp\/v2\/media\/154006"}],"wp:attachment":[{"href":"https:\/\/vinasfm.com\/noticias\/wp-json\/wp\/v2\/media?parent=154005"}],"wp:term":[{"taxonomy":"category","embeddable":true,"href":"https:\/\/vinasfm.com\/noticias\/wp-json\/wp\/v2\/categories?post=154005"},{"taxonomy":"post_tag","embeddable":true,"href":"https:\/\/vinasfm.com\/noticias\/wp-json\/wp\/v2\/tags?post=154005"}],"curies":[{"name":"wp","href":"https:\/\/api.w.org\/{rel}","templated":true}]}}