{"id":153982,"date":"2025-10-18T10:43:46","date_gmt":"2025-10-18T13:43:46","guid":{"rendered":"https:\/\/vinasfm.com\/noticias\/?p=153982"},"modified":"2025-10-20T10:26:47","modified_gmt":"2025-10-20T13:26:47","slug":"falsa-acusacion-senalaron-a-alumnos-de-la-escuela-jorge-barraquero-como-responsables-de-disfraz-de-victima-de-un-abuso-sexual","status":"publish","type":"post","link":"https:\/\/vinasfm.com\/noticias\/falsa-acusacion-senalaron-a-alumnos-de-la-escuela-jorge-barraquero-como-responsables-de-disfraz-de-victima-de-un-abuso-sexual\/","title":{"rendered":"FALSA ACUSACI\u00d3N: SE\u00d1ALARON A ALUMNOS DE LA ESCUELA JORGE BARRAQUERO COMO RESPONSABLES DE UN \u00abDISFRAZ\u00bb DE V\u00cdCTIMA DE UN ABUSO SEXUAL"},"content":{"rendered":"<p><strong><span style=\"color: #003300;\">Una situaci\u00f3n de confusi\u00f3n y alarma se desat\u00f3 en la comunidad educativa de General Alvear luego de que un posteo en una cuenta de Instagram responsabilizara err\u00f3neamente a alumnos de la Escuela T\u00e9cnica 4-113 Ing. Jorge Barraquero por un repudiable hecho ocurrido en un viaje de egresados en Bariloche, protagonizado por un estudiante de C\u00f3rdoba.<\/span><\/strong><\/p>\n<p>El esc\u00e1ndalo original, <strong>ampliamente difundido por medios nacionales<\/strong>, involucra a <strong>un alumno de la escuela IPET 267 de Bell Ville, C\u00f3rdoba, quien asisti\u00f3 a una fiesta de egresados en Bariloche con un disfraz que emulaba a una v\u00edctima de abuso sexual.<\/strong> La vestimenta, que inclu\u00eda manchas que simulaban sangre y la palabra \u00abviolada\u00bb escrita en la espalda, gener\u00f3 un fuerte repudio social y llev\u00f3 a la intervenci\u00f3n de las autoridades educativas en la provincia de C\u00f3rdoba.<\/p>\n<p>Falsa acusaci\u00f3n<\/p>\n<p>La preocupaci\u00f3n en General Alvear<strong> surgi\u00f3 a partir de una publicaci\u00f3n en una cuenta de Instagram<\/strong>\u00a0que, de manera equivocada,<strong> asoci\u00f3 el pol\u00e9mico disfraz con alumnos de la Escuela T\u00e9cnica 4-113.<\/strong><\/p>\n<p>Una madre de un estudiante de la instituci\u00f3n alvearense se comunic\u00f3 con <span style=\"color: #003366;\"><strong>FM VI\u00d1AS<\/strong> <\/span>para alertar sobre la situaci\u00f3n y desmentir la informaci\u00f3n. La madre comparti\u00f3 capturas de pantalla del posteo y aport\u00f3 datos cruciales que demuestran el error:<em><strong> \u00abAc\u00e1 empez\u00f3 con esta mujer que respondi\u00f3 a una foto reciente de esta ma\u00f1ana de los chicos con la preceptora\u00bb<\/strong><\/em>, explic\u00f3, refiri\u00e9ndose a una imagen que fue usada para la acusaci\u00f3n.<\/p>\n<p><a href=\"https:\/\/vinasfm.com\/noticias\/wp-content\/uploads\/2025\/10\/IMG-20251017-WA007812.jpg\"><img loading=\"lazy\" decoding=\"async\" class=\"aligncenter wp-image-153985 size-medium\" src=\"https:\/\/vinasfm.com\/noticias\/wp-content\/uploads\/2025\/10\/IMG-20251017-WA007812-300x254.jpg\" alt=\"\" width=\"300\" height=\"254\" srcset=\"https:\/\/vinasfm.com\/noticias\/wp-content\/uploads\/2025\/10\/IMG-20251017-WA007812-300x254.jpg 300w, https:\/\/vinasfm.com\/noticias\/wp-content\/uploads\/2025\/10\/IMG-20251017-WA007812.jpg 555w\" sizes=\"auto, (max-width: 300px) 100vw, 300px\" \/><\/a><\/p>\n<p>Lo m\u00e1s determinante, seg\u00fan la madre, es la situaci\u00f3n de viaje de los alumnos alvearenses:<em><strong> \u00abEncima los chicos que lo hicieron [el disfraz] fue en Bariloche y los chicos reci\u00e9n viajan este domingo a otro distinto destino tur\u00edstico\u00bb.<\/strong> <\/em>Esta afirmaci\u00f3n confirma que los estudiantes de la Escuela T\u00e9cnica 4-113 no estaban en Bariloche cuando ocurri\u00f3 el repudiable hecho ni se encontraban en un viaje de egresados al momento del esc\u00e1ndalo.<\/p>\n<p><a href=\"https:\/\/vinasfm.com\/noticias\/wp-content\/uploads\/2025\/10\/IMG-20251017-WA00801.jpg\"><img loading=\"lazy\" decoding=\"async\" class=\"alignnone wp-image-153991\" src=\"https:\/\/vinasfm.com\/noticias\/wp-content\/uploads\/2025\/10\/IMG-20251017-WA00801-472x1024.jpg\" alt=\"\" width=\"200\" height=\"434\" srcset=\"https:\/\/vinasfm.com\/noticias\/wp-content\/uploads\/2025\/10\/IMG-20251017-WA00801-472x1024.jpg 472w, https:\/\/vinasfm.com\/noticias\/wp-content\/uploads\/2025\/10\/IMG-20251017-WA00801-138x300.jpg 138w, https:\/\/vinasfm.com\/noticias\/wp-content\/uploads\/2025\/10\/IMG-20251017-WA00801-708x1536.jpg 708w, https:\/\/vinasfm.com\/noticias\/wp-content\/uploads\/2025\/10\/IMG-20251017-WA00801.jpg 738w\" sizes=\"auto, (max-width: 200px) 100vw, 200px\" \/><\/a> <a href=\"https:\/\/vinasfm.com\/noticias\/wp-content\/uploads\/2025\/10\/IMG-20251017-WA00811.jpg\"><img loading=\"lazy\" decoding=\"async\" class=\"alignnone wp-image-153990\" src=\"https:\/\/vinasfm.com\/noticias\/wp-content\/uploads\/2025\/10\/IMG-20251017-WA00811-472x1024.jpg\" alt=\"\" width=\"200\" height=\"434\" srcset=\"https:\/\/vinasfm.com\/noticias\/wp-content\/uploads\/2025\/10\/IMG-20251017-WA00811-472x1024.jpg 472w, https:\/\/vinasfm.com\/noticias\/wp-content\/uploads\/2025\/10\/IMG-20251017-WA00811-138x300.jpg 138w, https:\/\/vinasfm.com\/noticias\/wp-content\/uploads\/2025\/10\/IMG-20251017-WA00811-708x1536.jpg 708w, https:\/\/vinasfm.com\/noticias\/wp-content\/uploads\/2025\/10\/IMG-20251017-WA00811.jpg 738w\" sizes=\"auto, (max-width: 200px) 100vw, 200px\" \/><\/a> <a href=\"https:\/\/vinasfm.com\/noticias\/wp-content\/uploads\/2025\/10\/IMG-20251017-WA0084.jpg\"><img loading=\"lazy\" decoding=\"async\" class=\"alignnone wp-image-153989\" src=\"https:\/\/vinasfm.com\/noticias\/wp-content\/uploads\/2025\/10\/IMG-20251017-WA0084-472x1024.jpg\" alt=\"\" width=\"200\" height=\"434\" srcset=\"https:\/\/vinasfm.com\/noticias\/wp-content\/uploads\/2025\/10\/IMG-20251017-WA0084-472x1024.jpg 472w, https:\/\/vinasfm.com\/noticias\/wp-content\/uploads\/2025\/10\/IMG-20251017-WA0084-138x300.jpg 138w, https:\/\/vinasfm.com\/noticias\/wp-content\/uploads\/2025\/10\/IMG-20251017-WA0084-708x1536.jpg 708w, https:\/\/vinasfm.com\/noticias\/wp-content\/uploads\/2025\/10\/IMG-20251017-WA0084.jpg 738w\" sizes=\"auto, (max-width: 200px) 100vw, 200px\" \/><\/a><\/p>\n<p>La falsa acusaci\u00f3n ha generado malestar en la comunidad educativa local, ya que la Escuela Barraquero se vio involuntariamente arrastrada a un esc\u00e1ndalo ajeno, afectando la imagen de sus alumnos y la instituci\u00f3n. Se espera que la r\u00e1pida aclaraci\u00f3n del hecho ayude a mitigar la viralizaci\u00f3n de la informaci\u00f3n err\u00f3nea en redes sociales.<\/p>\n","protected":false},"excerpt":{"rendered":"<p>Una situaci\u00f3n de confusi\u00f3n y alarma se desat\u00f3 en la comunidad educativa de General Alvear luego de que un posteo en &#8230;<\/p>\n","protected":false},"author":7,"featured_media":153993,"comment_status":"open","ping_status":"open","sticky":false,"template":"","format":"standard","meta":{"footnotes":""},"categories":[5,10],"tags":[],"class_list":["post-153982","post","type-post","status-publish","format-standard","has-post-thumbnail","hentry","category-actualidad","category-destacadas"],"_links":{"self":[{"href":"https:\/\/vinasfm.com\/noticias\/wp-json\/wp\/v2\/posts\/153982","targetHints":{"allow":["GET"]}}],"collection":[{"href":"https:\/\/vinasfm.com\/noticias\/wp-json\/wp\/v2\/posts"}],"about":[{"href":"https:\/\/vinasfm.com\/noticias\/wp-json\/wp\/v2\/types\/post"}],"author":[{"embeddable":true,"href":"https:\/\/vinasfm.com\/noticias\/wp-json\/wp\/v2\/users\/7"}],"replies":[{"embeddable":true,"href":"https:\/\/vinasfm.com\/noticias\/wp-json\/wp\/v2\/comments?post=153982"}],"version-history":[{"count":5,"href":"https:\/\/vinasfm.com\/noticias\/wp-json\/wp\/v2\/posts\/153982\/revisions"}],"predecessor-version":[{"id":153994,"href":"https:\/\/vinasfm.com\/noticias\/wp-json\/wp\/v2\/posts\/153982\/revisions\/153994"}],"wp:featuredmedia":[{"embeddable":true,"href":"https:\/\/vinasfm.com\/noticias\/wp-json\/wp\/v2\/media\/153993"}],"wp:attachment":[{"href":"https:\/\/vinasfm.com\/noticias\/wp-json\/wp\/v2\/media?parent=153982"}],"wp:term":[{"taxonomy":"category","embeddable":true,"href":"https:\/\/vinasfm.com\/noticias\/wp-json\/wp\/v2\/categories?post=153982"},{"taxonomy":"post_tag","embeddable":true,"href":"https:\/\/vinasfm.com\/noticias\/wp-json\/wp\/v2\/tags?post=153982"}],"curies":[{"name":"wp","href":"https:\/\/api.w.org\/{rel}","templated":true}]}}