{"id":153972,"date":"2025-10-17T18:39:22","date_gmt":"2025-10-17T21:39:22","guid":{"rendered":"https:\/\/vinasfm.com\/noticias\/?p=153972"},"modified":"2025-10-17T18:39:22","modified_gmt":"2025-10-17T21:39:22","slug":"este-lunes-se-vivira-un-simulacro-de-juicio-por-jurado-en-el-cineteatro-antonio-lafalla","status":"publish","type":"post","link":"https:\/\/vinasfm.com\/noticias\/este-lunes-se-vivira-un-simulacro-de-juicio-por-jurado-en-el-cineteatro-antonio-lafalla\/","title":{"rendered":"ESTE LUNES SE VIVIR\u00c1 UN SIMULACRO DE JUICIO POR JURADO EN EL CINETEATRO ANTONIO LAFALLA"},"content":{"rendered":"<h4><strong>El pr\u00f3ximo lunes 20 de octubre, el Cine Teatro Antonio Lafalla de General Alvear ser\u00e1 escenario de una actividad\u00a0 formativa abierta a toda la comunidad y con entrada libre y gratuita.<\/strong><\/h4>\n<p>Este evento tiene como objetivo principal mostrar en vivo c\u00f3mo funciona un juicio por jurado, una modalidad en la cual no es un juez quien determina la culpabilidad o inocencia del acusado, sino un grupo de ciudadanos seleccionados por sorteo.<\/p>\n<p>En este caso, el jurado ser\u00e1 interpretado por alumnos de la Escuela N\u00b0 4-144 \u201c12 de Agosto\u201d, quienes asumir\u00e1n distintos roles como jurados, testigos y peritos.<\/p>\n<p>La actividad, organizada en conjunto con el <strong><span style=\"color: #333399;\">Poder Judicial<\/span><\/strong>, busca no solo educar y concientizar sobre el funcionamiento del sistema judicial, sino tambi\u00e9n profundizar en una problem\u00e1tica que ha impactado fuertemente en la regi\u00f3n: los accidentes de tr\u00e1nsito con consecuencias fatales. El caso simulado abordar\u00e1 justamente esta tem\u00e1tica, tan cercana a la realidad del departamento.<\/p>\n<p><em><strong>&#8216;Es importante que la gente sepa que a cualquiera le puede tocar ser jurado en un juicio real te llega una notificaci\u00f3n a tu casa y es tu deber ciudadano participar&#8217;<\/strong> <\/em>explic\u00f3 <strong><span style=\"color: #333399;\">Pablo Gaete<\/span><\/strong>, uno de los referentes del proyecto.<\/p>\n<p><strong><span style=\"color: #333399;\">Silvia Badiali<\/span><\/strong>, directora del establecimiento, destac\u00f3 que esta iniciativa busca formar ciudadanos responsables y comprometidos: &#8216;<em><strong>nuestros estudiantes han participado activamente de todas las instancias de capacitaci\u00f3n, tanto con autoridades judiciales como con el cuerpo de preventores de la polic\u00eda&#8217;<\/strong><\/em> expres\u00f3.<\/p>\n<p>Por su parte, Tiziano, uno de los alumnos participantes, cont\u00f3 que el proyecto comenz\u00f3 con charlas preventivas organizadas por la municipalidad, y luego fueron sumando instancias de formaci\u00f3n m\u00e1s espec\u00edficas con fiscales y abogados:<em><strong> &#8216;aprendimos sobre las normativas que se aplican en un juicio, las preguntas que se hacen, c\u00f3mo se eval\u00faan los hechos, es un tema actual, que tiene mucho que ver con lo que pasa en nuestro departamento y muchas veces no sabemos c\u00f3mo se resuelve t\u00e9cnicamente&#8217;<\/strong> <\/em>coment\u00f3.<\/p>\n<p>A esta actividad est\u00e1n invitadas a participar otras instituciones educativas del departamento, as\u00ed como el p\u00fablico en general.<\/p>\n<p>&nbsp;<\/p>\n<p>&nbsp;<\/p>\n","protected":false},"excerpt":{"rendered":"<p>El pr\u00f3ximo lunes 20 de octubre, el Cine Teatro Antonio Lafalla de General Alvear ser\u00e1 escenario de una actividad\u00a0 formativa abierta &#8230;<\/p>\n","protected":false},"author":7,"featured_media":153976,"comment_status":"open","ping_status":"open","sticky":false,"template":"","format":"standard","meta":{"footnotes":""},"categories":[1],"tags":[],"class_list":["post-153972","post","type-post","status-publish","format-standard","has-post-thumbnail","hentry","category-fmvinas"],"_links":{"self":[{"href":"https:\/\/vinasfm.com\/noticias\/wp-json\/wp\/v2\/posts\/153972","targetHints":{"allow":["GET"]}}],"collection":[{"href":"https:\/\/vinasfm.com\/noticias\/wp-json\/wp\/v2\/posts"}],"about":[{"href":"https:\/\/vinasfm.com\/noticias\/wp-json\/wp\/v2\/types\/post"}],"author":[{"embeddable":true,"href":"https:\/\/vinasfm.com\/noticias\/wp-json\/wp\/v2\/users\/7"}],"replies":[{"embeddable":true,"href":"https:\/\/vinasfm.com\/noticias\/wp-json\/wp\/v2\/comments?post=153972"}],"version-history":[{"count":2,"href":"https:\/\/vinasfm.com\/noticias\/wp-json\/wp\/v2\/posts\/153972\/revisions"}],"predecessor-version":[{"id":153978,"href":"https:\/\/vinasfm.com\/noticias\/wp-json\/wp\/v2\/posts\/153972\/revisions\/153978"}],"wp:featuredmedia":[{"embeddable":true,"href":"https:\/\/vinasfm.com\/noticias\/wp-json\/wp\/v2\/media\/153976"}],"wp:attachment":[{"href":"https:\/\/vinasfm.com\/noticias\/wp-json\/wp\/v2\/media?parent=153972"}],"wp:term":[{"taxonomy":"category","embeddable":true,"href":"https:\/\/vinasfm.com\/noticias\/wp-json\/wp\/v2\/categories?post=153972"},{"taxonomy":"post_tag","embeddable":true,"href":"https:\/\/vinasfm.com\/noticias\/wp-json\/wp\/v2\/tags?post=153972"}],"curies":[{"name":"wp","href":"https:\/\/api.w.org\/{rel}","templated":true}]}}