{"id":153928,"date":"2025-10-16T10:08:53","date_gmt":"2025-10-16T13:08:53","guid":{"rendered":"https:\/\/vinasfm.com\/noticias\/?p=153928"},"modified":"2025-10-16T10:10:05","modified_gmt":"2025-10-16T13:10:05","slug":"quedo-habilitado-el-doble-sentido-de-circulacion-en-todo-el-canon-del-atuel","status":"publish","type":"post","link":"https:\/\/vinasfm.com\/noticias\/quedo-habilitado-el-doble-sentido-de-circulacion-en-todo-el-canon-del-atuel\/","title":{"rendered":"QUED\u00d3 HABILITADO EL DOBLE SENTIDO DE CIRCULACI\u00d3N EN TODO EL CA\u00d1\u00d3N DEL ATUEL"},"content":{"rendered":"<h4><span style=\"color: #003300;\"><strong>El Gobierno provincial culmin\u00f3 las tareas de recuperaci\u00f3n del tradicional circuito en las que intervino Vialidad Mendoza, con la colaboraci\u00f3n de la Direcci\u00f3n Provincial de Hidr\u00e1ulica y el Departamento General de Irrigaci\u00f3n.<\/strong><\/span><\/h4>\n<p>Habiendo finalizado los trabajos de reconstrucci\u00f3n y normalizaci\u00f3n del Circuito del Ca\u00f1\u00f3n del Atuel, tras los severos da\u00f1os del camino y la desaparici\u00f3n de un tramo completo de 6 kil\u00f3metros, <strong>provocado por la tormenta y aluvi\u00f3n del 11 de enero pasado<\/strong>, Vialidad Mendoza habilit\u00f3 desde hoy el doble sentido de circulaci\u00f3n vehicular para todo el recorrido, entre los diques de Valle Grande y El Nihuil.<\/p>\n<p>De este modo, pone fin a las restricciones de transitabilidad que impon\u00edan un \u00fanico sentido de circulaci\u00f3n en el tramo entre la Central Hidroel\u00e9ctrica N\u00famero 1 hasta 10 kil\u00f3metros antes de Valle Grande, en direcci\u00f3n hacia la ciudad de San Rafael, las que imperaron por razones de seguridad mientras se realizaban las tareas de reparaci\u00f3n y mejoramiento.<\/p>\n<p>El <em>jefe Zona Sur de la Direcci\u00f3n Provincial de Vialidad<\/em>, <span style=\"color: #003366;\"><strong>Carlos S\u00e1nchez<\/strong><\/span>, quien estuvo a cargo de toda la reconstrucci\u00f3n y recuperaci\u00f3n del paseo, se\u00f1al\u00f3 que el circuito<em><strong> \u201cya se puede recorrer en doble sentido de circulaci\u00f3n en forma completa, estamos retirando toda la carteler\u00eda vial que indicaba el sentido de circulaci\u00f3n \u00fanico y se mantiene la recomendaci\u00f3n de no transitar el trayecto en horarios nocturnos\u201d.<\/strong><\/em><\/p>\n<p>Adem\u00e1s, Sanchez detall\u00f3 que <strong><em>\u201cest\u00e1n habilitados para circular motos, autom\u00f3viles, camionetas, combis, minibuses de hasta 10 metros de longitud y camiones de doble tracci\u00f3n, recordando a los usuarios respetar las velocidades m\u00e1ximas del recorrido\u201d.<\/em><\/strong><\/p>\n<p>La recuperaci\u00f3n del Circuito del Ca\u00f1\u00f3n del Atuel, tras los da\u00f1os de la tormenta del 11 de enero, demand\u00f3 un gran desaf\u00edo operativo y log\u00edstico en el que estuvieron involucrados la Direcci\u00f3n Provincial de Vialidad, en lo que respecta al camino; la Direcci\u00f3n Provincial de Hidr\u00e1ulica, para intervenir en los cauces aluvionales secos o con caudales intermitentes; el Departamento General de Irrigaci\u00f3n, que gestiona los cursos con agua permanente y los embalses; y la operadora de energ\u00eda, que administra las centrales hidroel\u00e9ctricas de Los Nihuiles.<\/p>\n","protected":false},"excerpt":{"rendered":"<p>El Gobierno provincial culmin\u00f3 las tareas de recuperaci\u00f3n del tradicional circuito en las que intervino Vialidad Mendoza, con la colaboraci\u00f3n de &#8230;<\/p>\n","protected":false},"author":7,"featured_media":153929,"comment_status":"open","ping_status":"open","sticky":false,"template":"","format":"standard","meta":{"footnotes":""},"categories":[1],"tags":[],"class_list":["post-153928","post","type-post","status-publish","format-standard","has-post-thumbnail","hentry","category-fmvinas"],"_links":{"self":[{"href":"https:\/\/vinasfm.com\/noticias\/wp-json\/wp\/v2\/posts\/153928","targetHints":{"allow":["GET"]}}],"collection":[{"href":"https:\/\/vinasfm.com\/noticias\/wp-json\/wp\/v2\/posts"}],"about":[{"href":"https:\/\/vinasfm.com\/noticias\/wp-json\/wp\/v2\/types\/post"}],"author":[{"embeddable":true,"href":"https:\/\/vinasfm.com\/noticias\/wp-json\/wp\/v2\/users\/7"}],"replies":[{"embeddable":true,"href":"https:\/\/vinasfm.com\/noticias\/wp-json\/wp\/v2\/comments?post=153928"}],"version-history":[{"count":2,"href":"https:\/\/vinasfm.com\/noticias\/wp-json\/wp\/v2\/posts\/153928\/revisions"}],"predecessor-version":[{"id":153931,"href":"https:\/\/vinasfm.com\/noticias\/wp-json\/wp\/v2\/posts\/153928\/revisions\/153931"}],"wp:featuredmedia":[{"embeddable":true,"href":"https:\/\/vinasfm.com\/noticias\/wp-json\/wp\/v2\/media\/153929"}],"wp:attachment":[{"href":"https:\/\/vinasfm.com\/noticias\/wp-json\/wp\/v2\/media?parent=153928"}],"wp:term":[{"taxonomy":"category","embeddable":true,"href":"https:\/\/vinasfm.com\/noticias\/wp-json\/wp\/v2\/categories?post=153928"},{"taxonomy":"post_tag","embeddable":true,"href":"https:\/\/vinasfm.com\/noticias\/wp-json\/wp\/v2\/tags?post=153928"}],"curies":[{"name":"wp","href":"https:\/\/api.w.org\/{rel}","templated":true}]}}