{"id":153881,"date":"2025-10-15T10:51:53","date_gmt":"2025-10-15T13:51:53","guid":{"rendered":"https:\/\/vinasfm.com\/noticias\/?p=153881"},"modified":"2025-10-16T09:23:37","modified_gmt":"2025-10-16T12:23:37","slug":"el-cine-teatro-antonio-lafalla-vivira-un-tributo-a-los-redondos","status":"publish","type":"post","link":"https:\/\/vinasfm.com\/noticias\/el-cine-teatro-antonio-lafalla-vivira-un-tributo-a-los-redondos\/","title":{"rendered":"EL CINE-TEATRO ANTONIO LAFALLA VIVIR\u00c1 UN TRIBUTO A LOS REDONDOS"},"content":{"rendered":"<h4><strong>La agenda del teatro viene cargada de actividades para este fin de semana, con propuestas para todos los gustos, desde m\u00fasica a cine.\u00a0<\/strong><\/h4>\n<p>A 40 a\u00f1os de su \u00e1lbum debut titulado <strong><span style=\"color: #800080;\">\u00abGULP!\u00bb<\/span><\/strong> el pr\u00f3ximo s\u00e1bado se vivir\u00e1 una noche increible con el tributo no solamente al \u00e1lbum si no tambi\u00e9n a <strong><span style=\"color: #800080;\">Patricio Rey y sus Redonditos de Ricota<\/span><\/strong>.<\/p>\n<p><a href=\"https:\/\/vinasfm.com\/noticias\/wp-content\/uploads\/2025\/10\/Cine-Teatro.jpeg\"><img loading=\"lazy\" decoding=\"async\" class=\"size-medium wp-image-153882 aligncenter\" src=\"https:\/\/vinasfm.com\/noticias\/wp-content\/uploads\/2025\/10\/Cine-Teatro-240x300.jpeg\" alt=\"\" width=\"240\" height=\"300\" srcset=\"https:\/\/vinasfm.com\/noticias\/wp-content\/uploads\/2025\/10\/Cine-Teatro-240x300.jpeg 240w, https:\/\/vinasfm.com\/noticias\/wp-content\/uploads\/2025\/10\/Cine-Teatro-819x1024.jpeg 819w, https:\/\/vinasfm.com\/noticias\/wp-content\/uploads\/2025\/10\/Cine-Teatro-768x960.jpeg 768w, https:\/\/vinasfm.com\/noticias\/wp-content\/uploads\/2025\/10\/Cine-Teatro-1229x1536.jpeg 1229w, https:\/\/vinasfm.com\/noticias\/wp-content\/uploads\/2025\/10\/Cine-Teatro.jpeg 1280w\" sizes=\"auto, (max-width: 240px) 100vw, 240px\" \/><\/a><\/p>\n<p>Las entradas tienen un valor de $6.000 y el evento comenzar\u00e1 a las 21:00 hs.<\/p>\n<p>El domingo, la actividad estar\u00e1 a cargo de CAF, con la profesora <strong><em><span style=\"color: #800080;\">Marita S\u00e1nchez<\/span><\/em><\/strong>, y adem\u00e1s, el cine local proyectar\u00e1 una pel\u00edcula de terror, completando una agenda variada y con mucho movimiento.<\/p>\n<p>&nbsp;<\/p>\n","protected":false},"excerpt":{"rendered":"<p>La agenda del teatro viene cargada de actividades para este fin de semana, con propuestas para todos los gustos, desde m\u00fasica &#8230;<\/p>\n","protected":false},"author":7,"featured_media":39800,"comment_status":"open","ping_status":"open","sticky":false,"template":"","format":"standard","meta":{"footnotes":""},"categories":[5,19],"tags":[],"class_list":["post-153881","post","type-post","status-publish","format-standard","has-post-thumbnail","hentry","category-actualidad","category-cultura"],"_links":{"self":[{"href":"https:\/\/vinasfm.com\/noticias\/wp-json\/wp\/v2\/posts\/153881","targetHints":{"allow":["GET"]}}],"collection":[{"href":"https:\/\/vinasfm.com\/noticias\/wp-json\/wp\/v2\/posts"}],"about":[{"href":"https:\/\/vinasfm.com\/noticias\/wp-json\/wp\/v2\/types\/post"}],"author":[{"embeddable":true,"href":"https:\/\/vinasfm.com\/noticias\/wp-json\/wp\/v2\/users\/7"}],"replies":[{"embeddable":true,"href":"https:\/\/vinasfm.com\/noticias\/wp-json\/wp\/v2\/comments?post=153881"}],"version-history":[{"count":1,"href":"https:\/\/vinasfm.com\/noticias\/wp-json\/wp\/v2\/posts\/153881\/revisions"}],"predecessor-version":[{"id":153883,"href":"https:\/\/vinasfm.com\/noticias\/wp-json\/wp\/v2\/posts\/153881\/revisions\/153883"}],"wp:featuredmedia":[{"embeddable":true,"href":"https:\/\/vinasfm.com\/noticias\/wp-json\/wp\/v2\/media\/39800"}],"wp:attachment":[{"href":"https:\/\/vinasfm.com\/noticias\/wp-json\/wp\/v2\/media?parent=153881"}],"wp:term":[{"taxonomy":"category","embeddable":true,"href":"https:\/\/vinasfm.com\/noticias\/wp-json\/wp\/v2\/categories?post=153881"},{"taxonomy":"post_tag","embeddable":true,"href":"https:\/\/vinasfm.com\/noticias\/wp-json\/wp\/v2\/tags?post=153881"}],"curies":[{"name":"wp","href":"https:\/\/api.w.org\/{rel}","templated":true}]}}