{"id":153878,"date":"2025-10-15T10:30:59","date_gmt":"2025-10-15T13:30:59","guid":{"rendered":"https:\/\/vinasfm.com\/noticias\/?p=153878"},"modified":"2025-10-15T10:31:49","modified_gmt":"2025-10-15T13:31:49","slug":"policiales-robaron-una-bicileta-en-plaza-espana-de-nuestro-departamento","status":"publish","type":"post","link":"https:\/\/vinasfm.com\/noticias\/policiales-robaron-una-bicileta-en-plaza-espana-de-nuestro-departamento\/","title":{"rendered":"POLICIALES: ROBARON UNA BICICLETA EN PLAZA ESPA\u00d1A DE NUESTRO DEPARTAMENTO"},"content":{"rendered":"<h4><strong>Un hecho de inseguridad se registr\u00f3 en Plaza Espa\u00f1a, General Alvear, donde fue sustra\u00edda una bicicleta. <\/strong><\/h4>\n<p>Seg\u00fan informaron, un hombre denunci\u00f3 que su hijo se encontraba en el lugar jugando al f\u00fatbol cuando desconocidos se llevaron una bicicleta marca Cool, color azul, rodado 26, que hab\u00eda quedado sin medidas de seguridad.<\/p>\n<p>El menor advirti\u00f3 la falta del rodado pocos minutos despu\u00e9s y su familia solicit\u00f3 la presencia policial para dar inicio a la investigaci\u00f3n del robo.<\/p>\n","protected":false},"excerpt":{"rendered":"<p>Un hecho de inseguridad se registr\u00f3 en Plaza Espa\u00f1a, General Alvear, donde fue sustra\u00edda una bicicleta. Seg\u00fan informaron, un hombre denunci\u00f3 &#8230;<\/p>\n","protected":false},"author":7,"featured_media":146551,"comment_status":"open","ping_status":"open","sticky":false,"template":"","format":"standard","meta":{"footnotes":""},"categories":[1],"tags":[],"class_list":["post-153878","post","type-post","status-publish","format-standard","has-post-thumbnail","hentry","category-fmvinas"],"_links":{"self":[{"href":"https:\/\/vinasfm.com\/noticias\/wp-json\/wp\/v2\/posts\/153878","targetHints":{"allow":["GET"]}}],"collection":[{"href":"https:\/\/vinasfm.com\/noticias\/wp-json\/wp\/v2\/posts"}],"about":[{"href":"https:\/\/vinasfm.com\/noticias\/wp-json\/wp\/v2\/types\/post"}],"author":[{"embeddable":true,"href":"https:\/\/vinasfm.com\/noticias\/wp-json\/wp\/v2\/users\/7"}],"replies":[{"embeddable":true,"href":"https:\/\/vinasfm.com\/noticias\/wp-json\/wp\/v2\/comments?post=153878"}],"version-history":[{"count":2,"href":"https:\/\/vinasfm.com\/noticias\/wp-json\/wp\/v2\/posts\/153878\/revisions"}],"predecessor-version":[{"id":153880,"href":"https:\/\/vinasfm.com\/noticias\/wp-json\/wp\/v2\/posts\/153878\/revisions\/153880"}],"wp:featuredmedia":[{"embeddable":true,"href":"https:\/\/vinasfm.com\/noticias\/wp-json\/wp\/v2\/media\/146551"}],"wp:attachment":[{"href":"https:\/\/vinasfm.com\/noticias\/wp-json\/wp\/v2\/media?parent=153878"}],"wp:term":[{"taxonomy":"category","embeddable":true,"href":"https:\/\/vinasfm.com\/noticias\/wp-json\/wp\/v2\/categories?post=153878"},{"taxonomy":"post_tag","embeddable":true,"href":"https:\/\/vinasfm.com\/noticias\/wp-json\/wp\/v2\/tags?post=153878"}],"curies":[{"name":"wp","href":"https:\/\/api.w.org\/{rel}","templated":true}]}}