{"id":153874,"date":"2025-10-15T10:00:03","date_gmt":"2025-10-15T13:00:03","guid":{"rendered":"https:\/\/vinasfm.com\/noticias\/?p=153874"},"modified":"2025-10-15T23:36:37","modified_gmt":"2025-10-16T02:36:37","slug":"mendoza-refuerza-fiscalizacion-de-carne-y-aplica-el-codigo-penal-a-infractores","status":"publish","type":"post","link":"https:\/\/vinasfm.com\/noticias\/mendoza-refuerza-fiscalizacion-de-carne-y-aplica-el-codigo-penal-a-infractores\/","title":{"rendered":"MENDOZA REFUERZA FISCALIZACI\u00d3N DE CARNE Y APLICA EL C\u00d3DIGO PENAL A INFRACTORES"},"content":{"rendered":"<h4><strong>En di\u00e1logo con FM VI\u00d1AS el Director de Ganader\u00eda de la Provincia Roberto R\u00edos confirm\u00f3 que el cargamento inclu\u00eda carne vacuna, de pollo y molida transportada sin refrigeraci\u00f3n ni habilitaci\u00f3n sanitaria.<\/strong><\/h4>\n<p>En el marco de una serie de controles realizados por el <strong><span style=\"color: #993366;\">Ministerio de la Producci\u00f3n<\/span><\/strong>, la <span style=\"color: #993366;\"><strong>Direcci\u00f3n de Ganader\u00eda<\/strong><\/span> y la <strong><span style=\"color: #993366;\">Polic\u00eda Rural<\/span><\/strong>, se decomisaron 670 kilos de carne que eran transportados en un veh\u00edculo no habilitado y sin las condiciones de refrigeraci\u00f3n correspondientes.<\/p>\n<p>El operativo se llev\u00f3 a cabo en el sur provincial y forma parte de una campa\u00f1a de fiscalizaci\u00f3n en distintos departamentos, entre ellos <strong><span style=\"color: #993366;\">Alvear<\/span><\/strong>, <strong><span style=\"color: #993366;\">San Rafael<\/span><\/strong>, <strong><span style=\"color: #993366;\">Luj\u00e1n<\/span><\/strong>,<strong><span style=\"color: #993366;\"> Guaymall\u00e9n<\/span><\/strong> y <strong><span style=\"color: #993366;\">San Carlos<\/span><\/strong>.<\/p>\n<p><em><strong>&#8216;No vamos a permitir que circule carne en esas condiciones, estamos hablando de salud p\u00fablica, no solo de una gastroenteritis sino de enfermedades m\u00e1s graves&#8217;<\/strong><\/em>, expres\u00f3 el director de Ganader\u00eda.<\/p>\n<p>El funcionario record\u00f3 que quienes transporten o comercialicen carne sin habilitaci\u00f3n podr\u00e1n ser procesados bajo el art\u00edculo <strong><span style=\"color: #993366;\">206 del C\u00f3digo Penal<\/span><\/strong>, lo que implica una causa penal y antecedentes que impiden obtener certificados de buena conducta o salir del pa\u00eds.<\/p>\n<p>Adem\u00e1s, destac\u00f3 que el Gobierno provincial habilit\u00f3 recientemente un <strong><span style=\"color: #993366;\">laboratorio en General Alvear<\/span><\/strong> que permite detectar ADN en muestras de carne, para identificar si contienen carne equina o porcina: <em><strong>&#8216;en menos de 24 horas sabemos si hay irregularidades, esto nos permite combatir la comercializaci\u00f3n de carne clandestina y prevenir casos de triquinosis&#8217;<\/strong><\/em>, explic\u00f3.<\/p>\n","protected":false},"excerpt":{"rendered":"<p>En di\u00e1logo con FM VI\u00d1AS el Director de Ganader\u00eda de la Provincia Roberto R\u00edos confirm\u00f3 que el cargamento inclu\u00eda carne vacuna, &#8230;<\/p>\n","protected":false},"author":7,"featured_media":153875,"comment_status":"open","ping_status":"open","sticky":false,"template":"","format":"standard","meta":{"footnotes":""},"categories":[5,10],"tags":[],"class_list":["post-153874","post","type-post","status-publish","format-standard","has-post-thumbnail","hentry","category-actualidad","category-destacadas"],"_links":{"self":[{"href":"https:\/\/vinasfm.com\/noticias\/wp-json\/wp\/v2\/posts\/153874","targetHints":{"allow":["GET"]}}],"collection":[{"href":"https:\/\/vinasfm.com\/noticias\/wp-json\/wp\/v2\/posts"}],"about":[{"href":"https:\/\/vinasfm.com\/noticias\/wp-json\/wp\/v2\/types\/post"}],"author":[{"embeddable":true,"href":"https:\/\/vinasfm.com\/noticias\/wp-json\/wp\/v2\/users\/7"}],"replies":[{"embeddable":true,"href":"https:\/\/vinasfm.com\/noticias\/wp-json\/wp\/v2\/comments?post=153874"}],"version-history":[{"count":1,"href":"https:\/\/vinasfm.com\/noticias\/wp-json\/wp\/v2\/posts\/153874\/revisions"}],"predecessor-version":[{"id":153876,"href":"https:\/\/vinasfm.com\/noticias\/wp-json\/wp\/v2\/posts\/153874\/revisions\/153876"}],"wp:featuredmedia":[{"embeddable":true,"href":"https:\/\/vinasfm.com\/noticias\/wp-json\/wp\/v2\/media\/153875"}],"wp:attachment":[{"href":"https:\/\/vinasfm.com\/noticias\/wp-json\/wp\/v2\/media?parent=153874"}],"wp:term":[{"taxonomy":"category","embeddable":true,"href":"https:\/\/vinasfm.com\/noticias\/wp-json\/wp\/v2\/categories?post=153874"},{"taxonomy":"post_tag","embeddable":true,"href":"https:\/\/vinasfm.com\/noticias\/wp-json\/wp\/v2\/tags?post=153874"}],"curies":[{"name":"wp","href":"https:\/\/api.w.org\/{rel}","templated":true}]}}