{"id":153849,"date":"2025-10-14T10:21:34","date_gmt":"2025-10-14T13:21:34","guid":{"rendered":"https:\/\/vinasfm.com\/noticias\/?p=153849"},"modified":"2025-10-15T09:39:45","modified_gmt":"2025-10-15T12:39:45","slug":"avanzan-las-mejoras-en-el-cementerio-de-general-alvear-de-cara-al-dia-de-la-madre","status":"publish","type":"post","link":"https:\/\/vinasfm.com\/noticias\/avanzan-las-mejoras-en-el-cementerio-de-general-alvear-de-cara-al-dia-de-la-madre\/","title":{"rendered":"AVANZAN LAS MEJORAS EN EL CEMENTERIO DE GENERAL ALVEAR DE CARA AL D\u00cdA DE LA MADRE"},"content":{"rendered":"<h4><span style=\"color: #003300;\"><strong>En conferencia de prensa, el Director de Obras P\u00fablicas, \u00c1ngel Mart\u00ednez, junto al Director de Servicios P\u00fablicos, Mauricio Mart\u00ednez, brindaron detalles sobre los trabajos que se est\u00e1n llevando a cabo en el cementerio local, con el objetivo de poner en valor el espacio antes del D\u00eda de la Madre, fecha en la que se espera una gran concurrencia de vecinos.<\/strong><\/span><\/h4>\n<p><span style=\"color: #003366;\"><strong>\u00c1ngel Mart\u00ednez<\/strong><\/span> explic\u00f3 que las tareas incluyen <strong>la reparaci\u00f3n del cierre perimetral<\/strong>, que presentaba sectores deteriorados, y la <strong>construcci\u00f3n de nuevos puentes peatonales<\/strong> para mejorar la circulaci\u00f3n interna.<\/p>\n<p><strong><em>\u201cEs un trabajo bastante importante. Se est\u00e1 arreglando todo lo que es el cierre perimetral, que por algunos problemas estaba ca\u00eddo. Tambi\u00e9n estamos haciendo unos puentes peatonales y, junto a la gente de Servicios P\u00fablicos, realizamos limpieza y pintura de cordones\u201d<\/em><\/strong>, detall\u00f3 el funcionario.<\/p>\n<p>En ese sentido, indic\u00f3 que se colocar\u00e1n <strong>tachos de residuos en distintos sectores del cementerio<\/strong> y pidi\u00f3 la colaboraci\u00f3n de los visitantes para mantener el orden y la limpieza del lugar.<\/p>\n<p><strong><em>\u201cPedimos que cuiden las instalaciones y que dejen en los tachos los restos de flores o plantas que traigan. Es importante que entre todos podamos conservar el espacio en buenas condiciones\u201d<\/em><\/strong>, se\u00f1al\u00f3.<\/p>\n<p>En cuanto a obras futuras, el Director de Obras P\u00fablicas adelant\u00f3 que se prev\u00e9 <strong>continuar con la construcci\u00f3n de veredines y mejoras en los pasillos internos<\/strong>, trabajos que hab\u00edan quedado pendientes de la gesti\u00f3n anterior.<\/p>\n<p><strong><em>\u201cYa hicimos una parte y vamos a seguir avanzando a medida que el tiempo y los recursos lo permitan. Todos los meses realizamos alguna obra porque sabemos que este es un lugar muy sensible para la comunidad\u201d<\/em><\/strong>, concluy\u00f3 Mart\u00ednez.<\/p>\n<p>Con estas tareas, el Municipio busca <strong>garantizar un espacio ordenado y cuidado<\/strong> para todos los vecinos que se acerquen este domingo a rendir homenaje a sus seres queridos.<\/p>\n","protected":false},"excerpt":{"rendered":"<p>En conferencia de prensa, el Director de Obras P\u00fablicas, \u00c1ngel Mart\u00ednez, junto al Director de Servicios P\u00fablicos, Mauricio Mart\u00ednez, brindaron detalles &#8230;<\/p>\n","protected":false},"author":7,"featured_media":153850,"comment_status":"open","ping_status":"open","sticky":false,"template":"","format":"standard","meta":{"footnotes":""},"categories":[5,29],"tags":[],"class_list":["post-153849","post","type-post","status-publish","format-standard","has-post-thumbnail","hentry","category-actualidad","category-obras-y-servicios"],"_links":{"self":[{"href":"https:\/\/vinasfm.com\/noticias\/wp-json\/wp\/v2\/posts\/153849","targetHints":{"allow":["GET"]}}],"collection":[{"href":"https:\/\/vinasfm.com\/noticias\/wp-json\/wp\/v2\/posts"}],"about":[{"href":"https:\/\/vinasfm.com\/noticias\/wp-json\/wp\/v2\/types\/post"}],"author":[{"embeddable":true,"href":"https:\/\/vinasfm.com\/noticias\/wp-json\/wp\/v2\/users\/7"}],"replies":[{"embeddable":true,"href":"https:\/\/vinasfm.com\/noticias\/wp-json\/wp\/v2\/comments?post=153849"}],"version-history":[{"count":2,"href":"https:\/\/vinasfm.com\/noticias\/wp-json\/wp\/v2\/posts\/153849\/revisions"}],"predecessor-version":[{"id":153872,"href":"https:\/\/vinasfm.com\/noticias\/wp-json\/wp\/v2\/posts\/153849\/revisions\/153872"}],"wp:featuredmedia":[{"embeddable":true,"href":"https:\/\/vinasfm.com\/noticias\/wp-json\/wp\/v2\/media\/153850"}],"wp:attachment":[{"href":"https:\/\/vinasfm.com\/noticias\/wp-json\/wp\/v2\/media?parent=153849"}],"wp:term":[{"taxonomy":"category","embeddable":true,"href":"https:\/\/vinasfm.com\/noticias\/wp-json\/wp\/v2\/categories?post=153849"},{"taxonomy":"post_tag","embeddable":true,"href":"https:\/\/vinasfm.com\/noticias\/wp-json\/wp\/v2\/tags?post=153849"}],"curies":[{"name":"wp","href":"https:\/\/api.w.org\/{rel}","templated":true}]}}