{"id":153842,"date":"2025-10-14T09:31:47","date_gmt":"2025-10-14T12:31:47","guid":{"rendered":"https:\/\/vinasfm.com\/noticias\/?p=153842"},"modified":"2025-10-15T09:28:15","modified_gmt":"2025-10-15T12:28:15","slug":"polemica-en-el-futbol-alvearense-la-municipalidad-desmintio-la-baja-del-seleccionado-de-la-copa-pais","status":"publish","type":"post","link":"https:\/\/vinasfm.com\/noticias\/polemica-en-el-futbol-alvearense-la-municipalidad-desmintio-la-baja-del-seleccionado-de-la-copa-pais\/","title":{"rendered":"POL\u00c9MICA EN EL F\u00daTBOL ALVEARENSE: LA MUNICIPALIDAD DESMINTI\u00d3 LA BAJA DEL SELECCIONADO DE LA COPA PA\u00cdS"},"content":{"rendered":"<p><span style=\"color: #003300;\"><strong>Una inesperada controversia sacudi\u00f3 al ambiente futbol\u00edstico alvearense luego de que se difundiera una nota firmada por el presidente de la Liga Alvearense de F\u00fatbol (LAF), Andr\u00e9s Merlos, en la que se informaba la baja del seleccionado de General Alvear de la Copa Pa\u00eds. El documento, dirigido al Consejo Federal del F\u00fatbol Argentino, comunicaba que el equipo no se presentar\u00eda a disputar la semifinal de vuelta frente al combinado de Tandil.<\/strong><\/span><\/p>\n<p>Horas m\u00e1s tarde, la <strong>Municipalidad de General Alvear<\/strong> emiti\u00f3 un <strong>comunicado oficial<\/strong> en el que rechaz\u00f3 categ\u00f3ricamente el contenido y la difusi\u00f3n de dicha carta, calific\u00e1ndola como una acci\u00f3n <em><strong>\u201cirresponsable\u201d<\/strong><\/em> y <strong><em>\u201ccon fines pol\u00edticos\u201d.<\/em><\/strong><\/p>\n<p><em><strong>\u201cQueremos llevar tranquilidad a todos los hinchas del f\u00fatbol alvearense, a los jugadores y a toda la comunidad: la Selecci\u00f3n de General Alvear viajar\u00e1 y participar\u00e1 del encuentro frente al combinado de Tandil\u201d<\/strong><\/em>, expres\u00f3 el texto difundido por el Municipio.<\/p>\n<p>Desde la comuna aclararon que <strong>nunca estuvo en duda el apoyo econ\u00f3mico<\/strong> ni la concreci\u00f3n del viaje, y detallaron que desde el inicio del torneo se han invertido <strong>m\u00e1s de 9 millones de pesos<\/strong> en aportes directos a la Liga y al seleccionado.<\/p>\n<p>Entre ellos, se incluyen <strong>2 millones de pesos por cada viaje<\/strong>, otros <strong>2 millones por el sponsoreo de la camiseta<\/strong>, y varios aportes log\u00edsticos y operativos.<\/p>\n<p>El comunicado tambi\u00e9n puntualiz\u00f3 que el <strong>viaje de la delegaci\u00f3n ya estaba confirmado<\/strong> desde las 11 de la ma\u00f1ana del lunes, por lo que calificaron de <em><strong>\u201csospechosa\u201d<\/strong><\/em> la difusi\u00f3n p\u00fablica de la carta <strong>despu\u00e9s de las 16:00 horas<\/strong>, cuando todo el operativo ya estaba organizado.<\/p>\n<p><em><strong>\u201cLa carta difundida \u2014que lleva fecha del 13 de octubre\u2014 nunca fue presentada ante el Consejo Federal de F\u00fatbol. Su circulaci\u00f3n solo puede interpretarse como una maniobra pol\u00edtica que busca confundir y generar malestar en plena etapa electoral\u201d<\/strong><\/em>, agrega el texto.<\/p>\n<p><a href=\"https:\/\/vinasfm.com\/noticias\/wp-content\/uploads\/2025\/10\/698c3e79-156e-4acd-808c-d7342052a294.jpg\"><img loading=\"lazy\" decoding=\"async\" class=\"wp-image-153843 size-full aligncenter\" src=\"https:\/\/vinasfm.com\/noticias\/wp-content\/uploads\/2025\/10\/698c3e79-156e-4acd-808c-d7342052a294.jpg\" alt=\"\" width=\"482\" height=\"393\" srcset=\"https:\/\/vinasfm.com\/noticias\/wp-content\/uploads\/2025\/10\/698c3e79-156e-4acd-808c-d7342052a294.jpg 482w, https:\/\/vinasfm.com\/noticias\/wp-content\/uploads\/2025\/10\/698c3e79-156e-4acd-808c-d7342052a294-300x245.jpg 300w\" sizes=\"auto, (max-width: 482px) 100vw, 482px\" \/><\/a><\/p>\n<p>Finalmente, el Municipio repudi\u00f3 <em><strong>\u201clas operaciones medi\u00e1ticas y las presiones\u201d<\/strong><\/em> que, seg\u00fan indicaron,<em><strong> \u201cpretenden ensuciar el esfuerzo de todo un pueblo\u201d<\/strong><\/em>, y agradeci\u00f3 el acompa\u00f1amiento de los clubes locales, en especial al <strong>Sport Club Pac\u00edfico<\/strong>, que cedi\u00f3 sus instalaciones y colabor\u00f3 activamente en la preparaci\u00f3n del equipo.<\/p>\n<p>La <strong>Selecci\u00f3n de General Alvear<\/strong> continuar\u00e1 su participaci\u00f3n en la Copa Pa\u00eds y viajar\u00e1 a Tandil para disputar la semifinal de vuelta, en representaci\u00f3n del f\u00fatbol alvearense y con el apoyo de toda la comunidad.<\/p>\n<h2>EL COMUNICADO<\/h2>\n<p>Desde la Municipalidad de General Alvear y en representaci\u00f3n del intendente Alejandro Molero, expresamos nuestro profundo rechazo ante las declaraciones p\u00fablicas y la difusi\u00f3n irresponsable de una carta que anunciaba la baja de la Selecci\u00f3n Alvearense de la Copa Pa\u00eds. Queremos llevar tranquilidad a todos los hinchas del f\u00fatbol alvearense, a los jugadores y a toda la comunidad: La Selecci\u00f3n de General Alvear viajar\u00e1 y participar\u00e1 del encuentro frente al combinado de Tandil.<\/p>\n<p>Es importante dejar en claro que nunca estuvo en duda ni el aporte econ\u00f3mico del Municipio ni la concreci\u00f3n del viaje. Desde el inicio de la competencia, el Municipio ha acompa\u00f1ado de manera permanente a la Liga Alvearense de F\u00fatbol y a la Selecci\u00f3n, aportando 2 millones de pesos por cada viaje, m\u00e1s otros 2 millones destinados al sponsoreo de la camiseta, y m\u00faltiples aportes adicionales para gastos operativos y log\u00edsticos, lo que representa m\u00e1s de 9 millones de pesos invertidos para que el equipo pudiera competir en igualdad de condiciones. De hecho, en horas de la ma\u00f1ana de este lunes, alrededor de las 11:00, ya estaba confirmado y acordado el viaje de la delegaci\u00f3n, con todo dispuesto para la salida hacia Tandil.<\/p>\n<p>Por eso, resulta a\u00fan m\u00e1s sospechoso y llamativo que la carta en cuesti\u00f3n haya sido difundida en los medios despu\u00e9s de las 16:00 horas, cuando el viaje ya estaba plenamente confirmado y organizado desde la ma\u00f1ana. La carta difundida \u2014que lleva fecha del 13 de octubre\u2014 nunca fue presentada ante el Consejo Federal de F\u00fatbol, tal como se indica en el propio documento.<\/p>\n<p>Por lo tanto, su circulaci\u00f3n p\u00fablica solo puede interpretarse como un mecanismo de presi\u00f3n y una maniobra pol\u00edtica que busca confundir y generar malestar en plena etapa electoral. Nos sentimos profundamente agraviados, no solo como instituci\u00f3n, sino como comunidad. Intentar ensuciar el esfuerzo de un pueblo entero es una falta de respeto a los alvearenses, especialmente cuando esas operaciones provienen de alguien que no vive en nuestro departamento, que no representa a ning\u00fan club alvearense, que nunca ha estado al frente de una instituci\u00f3n local y cuyo accionar ha sido objetado p\u00fablicamente en distintas oportunidades.<\/p>\n<p>Basta una simple b\u00fasqueda en medios nacionales para advertir que ese modo de proceder ya ha generado conflictos en otras entidades deportivas del pa\u00eds. Los alvearenses no nos dejaremos amedrentar, ni aceptar presiones, ni permitir que se utilicen maniobras medi\u00e1ticas con fines personales o pol\u00edticos. Condenamos firmemente este tipo de actitudes que da\u00f1an no solo al f\u00fatbol, sino tambi\u00e9n a la credibilidad de nuestras instituciones.<\/p>\n<p>Queremos destacar y agradecer el compromiso de todos los dirigentes y presidentes de clubes de General Alvear, quienes ponen a disposici\u00f3n sus jugadores y recursos para que la Selecci\u00f3n pueda representar dignamente a nuestro departamento. En especial, reconocemos al presidente del Sport Club Pac\u00edfico, que cedi\u00f3 las instalaciones del club y acompa\u00f1\u00f3 de manera incondicional esta patriada deportiva que llena de orgullo al f\u00fatbol alvearense.<\/p>\n<p>General Alvear seguir\u00e1 apoyando al deporte, a los clubes, a los j\u00f3venes y a cada atleta que deja todo por nuestros colores. Lo hacemos con hechos, con compromiso y con el mismo amor con el que vivimos y construimos el Alvear que so\u00f1amos.<\/p>\n","protected":false},"excerpt":{"rendered":"<p>Una inesperada controversia sacudi\u00f3 al ambiente futbol\u00edstico alvearense luego de que se difundiera una nota firmada por el presidente de la &#8230;<\/p>\n","protected":false},"author":7,"featured_media":153844,"comment_status":"open","ping_status":"open","sticky":false,"template":"","format":"standard","meta":{"footnotes":""},"categories":[5,3],"tags":[],"class_list":["post-153842","post","type-post","status-publish","format-standard","has-post-thumbnail","hentry","category-actualidad","category-deportes"],"_links":{"self":[{"href":"https:\/\/vinasfm.com\/noticias\/wp-json\/wp\/v2\/posts\/153842","targetHints":{"allow":["GET"]}}],"collection":[{"href":"https:\/\/vinasfm.com\/noticias\/wp-json\/wp\/v2\/posts"}],"about":[{"href":"https:\/\/vinasfm.com\/noticias\/wp-json\/wp\/v2\/types\/post"}],"author":[{"embeddable":true,"href":"https:\/\/vinasfm.com\/noticias\/wp-json\/wp\/v2\/users\/7"}],"replies":[{"embeddable":true,"href":"https:\/\/vinasfm.com\/noticias\/wp-json\/wp\/v2\/comments?post=153842"}],"version-history":[{"count":1,"href":"https:\/\/vinasfm.com\/noticias\/wp-json\/wp\/v2\/posts\/153842\/revisions"}],"predecessor-version":[{"id":153845,"href":"https:\/\/vinasfm.com\/noticias\/wp-json\/wp\/v2\/posts\/153842\/revisions\/153845"}],"wp:featuredmedia":[{"embeddable":true,"href":"https:\/\/vinasfm.com\/noticias\/wp-json\/wp\/v2\/media\/153844"}],"wp:attachment":[{"href":"https:\/\/vinasfm.com\/noticias\/wp-json\/wp\/v2\/media?parent=153842"}],"wp:term":[{"taxonomy":"category","embeddable":true,"href":"https:\/\/vinasfm.com\/noticias\/wp-json\/wp\/v2\/categories?post=153842"},{"taxonomy":"post_tag","embeddable":true,"href":"https:\/\/vinasfm.com\/noticias\/wp-json\/wp\/v2\/tags?post=153842"}],"curies":[{"name":"wp","href":"https:\/\/api.w.org\/{rel}","templated":true}]}}