{"id":153839,"date":"2025-10-14T08:46:04","date_gmt":"2025-10-14T11:46:04","guid":{"rendered":"https:\/\/vinasfm.com\/noticias\/?p=153839"},"modified":"2025-10-14T08:46:04","modified_gmt":"2025-10-14T11:46:04","slug":"san-rafael-y-alvear-contingencias-climaticas-habilito-la-toma-de-denuncias-por-danos-de-heladas","status":"publish","type":"post","link":"https:\/\/vinasfm.com\/noticias\/san-rafael-y-alvear-contingencias-climaticas-habilito-la-toma-de-denuncias-por-danos-de-heladas\/","title":{"rendered":"SAN RAFAEL Y ALVEAR: CONTINGENCIAS CLIM\u00c1TICAS HABILIT\u00d3 LA TOMA DE DENUNCIAS POR DA\u00d1OS DE HELADAS"},"content":{"rendered":"<h4><span style=\"color: #003300;\"><strong>Los productores afectados por las bajas temperaturas del 22 de septiembre podr\u00e1n realizar la denuncia de da\u00f1os hasta el viernes 24 de octubre.<\/strong><\/span><\/h4>\n<p>La Direcci\u00f3n de Contingencias Clim\u00e1ticas (DCC) informa que se encuentra habilitada la toma de denuncias por da\u00f1os en la producci\u00f3n provocados por las heladas ocurridas en la madrugada del 22 de septiembre en el Sur provincial.<\/p>\n<p>La medida alcanza a los distritos de<strong> Real del Padre, Jaime Prats, Villa Atuel, Goudge, Ca\u00f1ada Seca, Cuadro Nacional, Las Paredes, Rama Ca\u00edda, Cuadro Benegas, San Pedro del Atuel, Alvear Oeste, Bowen y General Alvear,<\/strong> pertenecientes a los departamentos <em>San Rafael<\/em> y <em>General Alvear.<\/em><\/p>\n<p>Los productores podr\u00e1n realizar el tr\u00e1mite hasta el viernes 24, de forma online a trav\u00e9s del\u00a0<a href=\"http:\/\/www.sia.mendoza.gov.ar\/\">Sistema de Informaci\u00f3n Agr\u00edcola<\/a>\u00a0(SIA)\u00a0o presencialmente en las delegaciones y centros receptores de la DCC.<\/p>\n<p>De acuerdo con la Ley de Emergencia Agropecuaria, una vez ocurrida una helada deben transcurrir 20 d\u00edas corridos para poder evaluar los da\u00f1os efectivos en los cultivos. Cumplido ese plazo, la DCC habilita un per\u00edodo de 10 d\u00edas h\u00e1biles para que los productores de las zonas afectadas realicen la correspondiente denuncia.<\/p>\n","protected":false},"excerpt":{"rendered":"<p>Los productores afectados por las bajas temperaturas del 22 de septiembre podr\u00e1n realizar la denuncia de da\u00f1os hasta el viernes 24 &#8230;<\/p>\n","protected":false},"author":7,"featured_media":153840,"comment_status":"open","ping_status":"open","sticky":false,"template":"","format":"standard","meta":{"footnotes":""},"categories":[1],"tags":[],"class_list":["post-153839","post","type-post","status-publish","format-standard","has-post-thumbnail","hentry","category-fmvinas"],"_links":{"self":[{"href":"https:\/\/vinasfm.com\/noticias\/wp-json\/wp\/v2\/posts\/153839","targetHints":{"allow":["GET"]}}],"collection":[{"href":"https:\/\/vinasfm.com\/noticias\/wp-json\/wp\/v2\/posts"}],"about":[{"href":"https:\/\/vinasfm.com\/noticias\/wp-json\/wp\/v2\/types\/post"}],"author":[{"embeddable":true,"href":"https:\/\/vinasfm.com\/noticias\/wp-json\/wp\/v2\/users\/7"}],"replies":[{"embeddable":true,"href":"https:\/\/vinasfm.com\/noticias\/wp-json\/wp\/v2\/comments?post=153839"}],"version-history":[{"count":1,"href":"https:\/\/vinasfm.com\/noticias\/wp-json\/wp\/v2\/posts\/153839\/revisions"}],"predecessor-version":[{"id":153841,"href":"https:\/\/vinasfm.com\/noticias\/wp-json\/wp\/v2\/posts\/153839\/revisions\/153841"}],"wp:featuredmedia":[{"embeddable":true,"href":"https:\/\/vinasfm.com\/noticias\/wp-json\/wp\/v2\/media\/153840"}],"wp:attachment":[{"href":"https:\/\/vinasfm.com\/noticias\/wp-json\/wp\/v2\/media?parent=153839"}],"wp:term":[{"taxonomy":"category","embeddable":true,"href":"https:\/\/vinasfm.com\/noticias\/wp-json\/wp\/v2\/categories?post=153839"},{"taxonomy":"post_tag","embeddable":true,"href":"https:\/\/vinasfm.com\/noticias\/wp-json\/wp\/v2\/tags?post=153839"}],"curies":[{"name":"wp","href":"https:\/\/api.w.org\/{rel}","templated":true}]}}