{"id":153837,"date":"2025-10-13T12:05:33","date_gmt":"2025-10-13T15:05:33","guid":{"rendered":"https:\/\/vinasfm.com\/noticias\/?p=153837"},"modified":"2025-10-13T12:05:33","modified_gmt":"2025-10-13T15:05:33","slug":"se-desarrollo-la-tercera-jornada-de-capacitacion-en-riego-agricola-en-la-finca-modelo-de-bodega-faraon","status":"publish","type":"post","link":"https:\/\/vinasfm.com\/noticias\/se-desarrollo-la-tercera-jornada-de-capacitacion-en-riego-agricola-en-la-finca-modelo-de-bodega-faraon\/","title":{"rendered":"SE DESARROLL\u00d3 LA TERCERA JORNADA DE CAPACITACI\u00d3N EN RIEGO AGR\u00cdCOLA EN LA FINCA MODELO DE BODEGA FARA\u00d3N"},"content":{"rendered":"<h4><strong>Este lunes se desarroll\u00f3 la tercera y \u00faltima jornada presencial del ciclo de capacitaci\u00f3n en riego agr\u00edcola en la finca modelo ubicada en Bodega Fara\u00f3n. <\/strong><\/h4>\n<p>La actividad se enmarca en el programa de asistencia t\u00e9cnica y financiera impulsado por la provincia de Mendoza, a trav\u00e9s del Departamento General de Irrigaci\u00f3n, la Municipalidad de General Alvear y el Consejo Federal de Inversiones (CFI).<\/p>\n<p><a href=\"https:\/\/vinasfm.com\/noticias\/wp-content\/uploads\/2025\/10\/IMG-20251013-WA0059.jpg\"><img loading=\"lazy\" decoding=\"async\" class=\"size-medium wp-image-153833 aligncenter\" src=\"https:\/\/vinasfm.com\/noticias\/wp-content\/uploads\/2025\/10\/IMG-20251013-WA0059-300x169.jpg\" alt=\"\" width=\"300\" height=\"169\" srcset=\"https:\/\/vinasfm.com\/noticias\/wp-content\/uploads\/2025\/10\/IMG-20251013-WA0059-300x169.jpg 300w, https:\/\/vinasfm.com\/noticias\/wp-content\/uploads\/2025\/10\/IMG-20251013-WA0059-1024x576.jpg 1024w, https:\/\/vinasfm.com\/noticias\/wp-content\/uploads\/2025\/10\/IMG-20251013-WA0059-768x432.jpg 768w, https:\/\/vinasfm.com\/noticias\/wp-content\/uploads\/2025\/10\/IMG-20251013-WA0059-1536x864.jpg 1536w, https:\/\/vinasfm.com\/noticias\/wp-content\/uploads\/2025\/10\/IMG-20251013-WA0059-750x420.jpg 750w, https:\/\/vinasfm.com\/noticias\/wp-content\/uploads\/2025\/10\/IMG-20251013-WA0059-1140x641.jpg 1140w, https:\/\/vinasfm.com\/noticias\/wp-content\/uploads\/2025\/10\/IMG-20251013-WA0059.jpg 1600w\" sizes=\"auto, (max-width: 300px) 100vw, 300px\" \/><\/a><\/p>\n<p>Durante la ma\u00f1ana, los asistentes participaron de una instancia pr\u00e1ctica centrada en la aplicaci\u00f3n de distintos sistemas de riego.<\/p>\n<p>La finca, gestionada por la Secretar\u00eda de Desarrollo del municipio, ha sido equipada con tecnolog\u00edas de \u00faltima generaci\u00f3n para optimizar el uso del agua en cultivos frutales y hort\u00edcolas.<\/p>\n<p><a href=\"https:\/\/vinasfm.com\/noticias\/wp-content\/uploads\/2025\/10\/IMG-20251013-WA0061.jpg\"><img loading=\"lazy\" decoding=\"async\" class=\"size-medium wp-image-153832 aligncenter\" src=\"https:\/\/vinasfm.com\/noticias\/wp-content\/uploads\/2025\/10\/IMG-20251013-WA0061-300x169.jpg\" alt=\"\" width=\"300\" height=\"169\" srcset=\"https:\/\/vinasfm.com\/noticias\/wp-content\/uploads\/2025\/10\/IMG-20251013-WA0061-300x169.jpg 300w, https:\/\/vinasfm.com\/noticias\/wp-content\/uploads\/2025\/10\/IMG-20251013-WA0061-1024x576.jpg 1024w, https:\/\/vinasfm.com\/noticias\/wp-content\/uploads\/2025\/10\/IMG-20251013-WA0061-768x432.jpg 768w, https:\/\/vinasfm.com\/noticias\/wp-content\/uploads\/2025\/10\/IMG-20251013-WA0061-1536x864.jpg 1536w, https:\/\/vinasfm.com\/noticias\/wp-content\/uploads\/2025\/10\/IMG-20251013-WA0061-750x420.jpg 750w, https:\/\/vinasfm.com\/noticias\/wp-content\/uploads\/2025\/10\/IMG-20251013-WA0061-1140x641.jpg 1140w, https:\/\/vinasfm.com\/noticias\/wp-content\/uploads\/2025\/10\/IMG-20251013-WA0061.jpg 1600w\" sizes=\"auto, (max-width: 300px) 100vw, 300px\" \/><\/a><\/p>\n<p>El director de Agricultura, Agust\u00edn Anzorena, explic\u00f3 que la jornada tuvo como eje la transferencia de conocimientos a los productores locales. \u201cEstamos mostrando distintas modalidades de riego: riego por manga, por goteo en cultivos hort\u00edcolas y tambi\u00e9n en vid. La idea es que el productor pueda conocer de cerca estas herramientas y evaluarlas para su aplicaci\u00f3n en sus propios campos\u201d, se\u00f1al\u00f3.<\/p>\n<p><a href=\"https:\/\/vinasfm.com\/noticias\/wp-content\/uploads\/2025\/10\/IMG-20251013-WA0060.jpg\"><img loading=\"lazy\" decoding=\"async\" class=\"size-medium wp-image-153834 aligncenter\" src=\"https:\/\/vinasfm.com\/noticias\/wp-content\/uploads\/2025\/10\/IMG-20251013-WA0060-300x169.jpg\" alt=\"\" width=\"300\" height=\"169\" srcset=\"https:\/\/vinasfm.com\/noticias\/wp-content\/uploads\/2025\/10\/IMG-20251013-WA0060-300x169.jpg 300w, https:\/\/vinasfm.com\/noticias\/wp-content\/uploads\/2025\/10\/IMG-20251013-WA0060-1024x576.jpg 1024w, https:\/\/vinasfm.com\/noticias\/wp-content\/uploads\/2025\/10\/IMG-20251013-WA0060-768x432.jpg 768w, https:\/\/vinasfm.com\/noticias\/wp-content\/uploads\/2025\/10\/IMG-20251013-WA0060-1536x864.jpg 1536w, https:\/\/vinasfm.com\/noticias\/wp-content\/uploads\/2025\/10\/IMG-20251013-WA0060-750x420.jpg 750w, https:\/\/vinasfm.com\/noticias\/wp-content\/uploads\/2025\/10\/IMG-20251013-WA0060-1140x641.jpg 1140w, https:\/\/vinasfm.com\/noticias\/wp-content\/uploads\/2025\/10\/IMG-20251013-WA0060.jpg 1600w\" sizes=\"auto, (max-width: 300px) 100vw, 300px\" \/><\/a><\/p>\n<p>La finca modelo cuenta con un reservorio de agua, sistema de bombeo y cultivos experimentales. Actualmente se trabaja con 15 variedades de cebolla, y se preparan nuevos cultivos para la temporada primavera-verano, como tomate, mel\u00f3n, sand\u00eda y zapallo. Estas experiencias buscan generar informaci\u00f3n \u00fatil sobre el comportamiento de las distintas especies en el clima y suelo del sur mendocino.<\/p>\n<p>El programa de capacitaci\u00f3n incluy\u00f3 tres encuentros presenciales, con actividades te\u00f3ricas y pr\u00e1cticas, y tuvo como objetivo central fortalecer las capacidades t\u00e9cnicas de los sectores productivos regionales en el manejo eficiente del recurso h\u00eddrico.<\/p>\n","protected":false},"excerpt":{"rendered":"<p>Este lunes se desarroll\u00f3 la tercera y \u00faltima jornada presencial del ciclo de capacitaci\u00f3n en riego agr\u00edcola en la finca modelo &#8230;<\/p>\n","protected":false},"author":7,"featured_media":153835,"comment_status":"open","ping_status":"open","sticky":false,"template":"","format":"standard","meta":{"footnotes":""},"categories":[1],"tags":[],"class_list":["post-153837","post","type-post","status-publish","format-standard","has-post-thumbnail","hentry","category-fmvinas"],"_links":{"self":[{"href":"https:\/\/vinasfm.com\/noticias\/wp-json\/wp\/v2\/posts\/153837","targetHints":{"allow":["GET"]}}],"collection":[{"href":"https:\/\/vinasfm.com\/noticias\/wp-json\/wp\/v2\/posts"}],"about":[{"href":"https:\/\/vinasfm.com\/noticias\/wp-json\/wp\/v2\/types\/post"}],"author":[{"embeddable":true,"href":"https:\/\/vinasfm.com\/noticias\/wp-json\/wp\/v2\/users\/7"}],"replies":[{"embeddable":true,"href":"https:\/\/vinasfm.com\/noticias\/wp-json\/wp\/v2\/comments?post=153837"}],"version-history":[{"count":1,"href":"https:\/\/vinasfm.com\/noticias\/wp-json\/wp\/v2\/posts\/153837\/revisions"}],"predecessor-version":[{"id":153838,"href":"https:\/\/vinasfm.com\/noticias\/wp-json\/wp\/v2\/posts\/153837\/revisions\/153838"}],"wp:featuredmedia":[{"embeddable":true,"href":"https:\/\/vinasfm.com\/noticias\/wp-json\/wp\/v2\/media\/153835"}],"wp:attachment":[{"href":"https:\/\/vinasfm.com\/noticias\/wp-json\/wp\/v2\/media?parent=153837"}],"wp:term":[{"taxonomy":"category","embeddable":true,"href":"https:\/\/vinasfm.com\/noticias\/wp-json\/wp\/v2\/categories?post=153837"},{"taxonomy":"post_tag","embeddable":true,"href":"https:\/\/vinasfm.com\/noticias\/wp-json\/wp\/v2\/tags?post=153837"}],"curies":[{"name":"wp","href":"https:\/\/api.w.org\/{rel}","templated":true}]}}