{"id":153828,"date":"2025-10-13T12:00:45","date_gmt":"2025-10-13T15:00:45","guid":{"rendered":"https:\/\/vinasfm.com\/noticias\/?p=153828"},"modified":"2025-10-13T12:00:45","modified_gmt":"2025-10-13T15:00:45","slug":"el-barrio-san-carlos-celebro-el-dia-de-la-madre","status":"publish","type":"post","link":"https:\/\/vinasfm.com\/noticias\/el-barrio-san-carlos-celebro-el-dia-de-la-madre\/","title":{"rendered":"EL BARRIO SAN CARLOS CELEBR\u00d3 EL D\u00cdA DE LA MADRE"},"content":{"rendered":"<h4>Este 12 de octubre el Centro de Jubilados del Barrio San Carlos fue escenario de una jornada llena de emoci\u00f3n, m\u00fasica y reconocimientos en el marco del D\u00eda de la Madre y el Octubre Rosa, organizada por la Oficina Municipal del Barrio San Carlos junto a vecinas y vecinos del lugar.<\/h4>\n<p>El encuentro reuni\u00f3 a numerosas mam\u00e1s del barrio, quienes disfrutaron de un d\u00eda pensado especialmente para ellas, con actividades, sorteos, m\u00fasica y charlas sobre salud.<\/p>\n<p><a href=\"https:\/\/vinasfm.com\/noticias\/wp-content\/uploads\/2025\/10\/IMG-20251013-WA0062.jpg\"><img loading=\"lazy\" decoding=\"async\" class=\"size-medium wp-image-153831 aligncenter\" src=\"https:\/\/vinasfm.com\/noticias\/wp-content\/uploads\/2025\/10\/IMG-20251013-WA0062-300x168.jpg\" alt=\"\" width=\"300\" height=\"168\" srcset=\"https:\/\/vinasfm.com\/noticias\/wp-content\/uploads\/2025\/10\/IMG-20251013-WA0062-300x168.jpg 300w, https:\/\/vinasfm.com\/noticias\/wp-content\/uploads\/2025\/10\/IMG-20251013-WA0062-1024x575.jpg 1024w, https:\/\/vinasfm.com\/noticias\/wp-content\/uploads\/2025\/10\/IMG-20251013-WA0062-768x431.jpg 768w, https:\/\/vinasfm.com\/noticias\/wp-content\/uploads\/2025\/10\/IMG-20251013-WA0062-1536x862.jpg 1536w, https:\/\/vinasfm.com\/noticias\/wp-content\/uploads\/2025\/10\/IMG-20251013-WA0062-360x200.jpg 360w, https:\/\/vinasfm.com\/noticias\/wp-content\/uploads\/2025\/10\/IMG-20251013-WA0062-750x420.jpg 750w, https:\/\/vinasfm.com\/noticias\/wp-content\/uploads\/2025\/10\/IMG-20251013-WA0062-1140x641.jpg 1140w, https:\/\/vinasfm.com\/noticias\/wp-content\/uploads\/2025\/10\/IMG-20251013-WA0062.jpg 1600w\" sizes=\"auto, (max-width: 300px) 100vw, 300px\" \/><\/a><\/p>\n<p>\u201cLa verdad que estamos pasando un momento m\u00e1s que agradable con todas las mam\u00e1s del barrio. Fue una jornada preparada para el disfrute, pero tambi\u00e9n para acercarles informaci\u00f3n y acompa\u00f1amiento desde la delegaci\u00f3n\u201d, expres\u00f3 Paola Ordo\u00f1ez.<\/p>\n<p>Durante la celebraci\u00f3n, la licenciada Baldoni brind\u00f3 una charla en el marco del Mes Rosa, sobre c\u00e1ncer de mama y c\u00e1ncer de \u00fatero, promoviendo la concientizaci\u00f3n y la importancia de los controles preventivos.<\/p>\n<p><a href=\"https:\/\/vinasfm.com\/noticias\/wp-content\/uploads\/2025\/10\/IMG-20251013-WA0063.jpg\"><img loading=\"lazy\" decoding=\"async\" class=\"size-medium wp-image-153830 aligncenter\" src=\"https:\/\/vinasfm.com\/noticias\/wp-content\/uploads\/2025\/10\/IMG-20251013-WA0063-300x168.jpg\" alt=\"\" width=\"300\" height=\"168\" srcset=\"https:\/\/vinasfm.com\/noticias\/wp-content\/uploads\/2025\/10\/IMG-20251013-WA0063-300x168.jpg 300w, https:\/\/vinasfm.com\/noticias\/wp-content\/uploads\/2025\/10\/IMG-20251013-WA0063-1024x575.jpg 1024w, https:\/\/vinasfm.com\/noticias\/wp-content\/uploads\/2025\/10\/IMG-20251013-WA0063-768x431.jpg 768w, https:\/\/vinasfm.com\/noticias\/wp-content\/uploads\/2025\/10\/IMG-20251013-WA0063-1536x862.jpg 1536w, https:\/\/vinasfm.com\/noticias\/wp-content\/uploads\/2025\/10\/IMG-20251013-WA0063-360x200.jpg 360w, https:\/\/vinasfm.com\/noticias\/wp-content\/uploads\/2025\/10\/IMG-20251013-WA0063-750x420.jpg 750w, https:\/\/vinasfm.com\/noticias\/wp-content\/uploads\/2025\/10\/IMG-20251013-WA0063-1140x641.jpg 1140w, https:\/\/vinasfm.com\/noticias\/wp-content\/uploads\/2025\/10\/IMG-20251013-WA0063.jpg 1600w\" sizes=\"auto, (max-width: 300px) 100vw, 300px\" \/><\/a><\/p>\n<p>El momento m\u00e1s emotivo se vivi\u00f3 cuando se homenaje\u00f3 a una mam\u00e1 del barrio que atraviesa un proceso de tratamiento, gesto que fue recibido con aplausos y gran cari\u00f1o por todas las presentes.<\/p>\n<p>Adem\u00e1s, se realiz\u00f3 un reconocimiento especial a cuatro madres del barrio que han dedicado su vida a la crianza y al trabajo, todas ellas con familias numerosas de m\u00e1s de diez hijos.<\/p>\n<p>\u201cQuer\u00edamos destacar a esas mam\u00e1s luchadoras, que todos los d\u00edas enfrentan la vida con amor y esfuerzo. Fue muy emocionante verlas recibir ese reconocimiento\u201d, se\u00f1alaron desde la organizaci\u00f3n.<\/p>\n<p>El encuentro cerr\u00f3 con un balance m\u00e1s que positivo, lleno de abrazos, sonrisas y emoci\u00f3n.<br \/>\n\u201cFue un d\u00eda hermoso, un homenaje a todas las mam\u00e1s del barrio que se lo merecen. Cada espacio, cada mejora y cada actividad que realizamos tiene un solo objetivo: que nuestras vecinas vivan mejor y se sientan acompa\u00f1adas\u201d, concluy\u00f3 una vecina.<\/p>\n","protected":false},"excerpt":{"rendered":"<p>Este 12 de octubre el Centro de Jubilados del Barrio San Carlos fue escenario de una jornada llena de emoci\u00f3n, m\u00fasica &#8230;<\/p>\n","protected":false},"author":7,"featured_media":153829,"comment_status":"open","ping_status":"open","sticky":false,"template":"","format":"standard","meta":{"footnotes":""},"categories":[1],"tags":[],"class_list":["post-153828","post","type-post","status-publish","format-standard","has-post-thumbnail","hentry","category-fmvinas"],"_links":{"self":[{"href":"https:\/\/vinasfm.com\/noticias\/wp-json\/wp\/v2\/posts\/153828","targetHints":{"allow":["GET"]}}],"collection":[{"href":"https:\/\/vinasfm.com\/noticias\/wp-json\/wp\/v2\/posts"}],"about":[{"href":"https:\/\/vinasfm.com\/noticias\/wp-json\/wp\/v2\/types\/post"}],"author":[{"embeddable":true,"href":"https:\/\/vinasfm.com\/noticias\/wp-json\/wp\/v2\/users\/7"}],"replies":[{"embeddable":true,"href":"https:\/\/vinasfm.com\/noticias\/wp-json\/wp\/v2\/comments?post=153828"}],"version-history":[{"count":1,"href":"https:\/\/vinasfm.com\/noticias\/wp-json\/wp\/v2\/posts\/153828\/revisions"}],"predecessor-version":[{"id":153836,"href":"https:\/\/vinasfm.com\/noticias\/wp-json\/wp\/v2\/posts\/153828\/revisions\/153836"}],"wp:featuredmedia":[{"embeddable":true,"href":"https:\/\/vinasfm.com\/noticias\/wp-json\/wp\/v2\/media\/153829"}],"wp:attachment":[{"href":"https:\/\/vinasfm.com\/noticias\/wp-json\/wp\/v2\/media?parent=153828"}],"wp:term":[{"taxonomy":"category","embeddable":true,"href":"https:\/\/vinasfm.com\/noticias\/wp-json\/wp\/v2\/categories?post=153828"},{"taxonomy":"post_tag","embeddable":true,"href":"https:\/\/vinasfm.com\/noticias\/wp-json\/wp\/v2\/tags?post=153828"}],"curies":[{"name":"wp","href":"https:\/\/api.w.org\/{rel}","templated":true}]}}