{"id":153825,"date":"2025-10-13T11:13:14","date_gmt":"2025-10-13T14:13:14","guid":{"rendered":"https:\/\/vinasfm.com\/noticias\/?p=153825"},"modified":"2025-10-14T11:05:38","modified_gmt":"2025-10-14T14:05:38","slug":"general-alvear-vibro-con-el-primer-festival-nacional-de-orquestas-cosecha-sinfonica","status":"publish","type":"post","link":"https:\/\/vinasfm.com\/noticias\/general-alvear-vibro-con-el-primer-festival-nacional-de-orquestas-cosecha-sinfonica\/","title":{"rendered":"GENERAL ALVEAR VIBR\u00d3 CON EL PRIMER FESTIVAL NACIONAL DE ORQUESTAS \u201cCOSECHA SINF\u00d3NICA\u201d"},"content":{"rendered":"<p><span style=\"color: #003300;\"><strong>Del 7 al 12 de octubre, General Alvear se convirti\u00f3 en el epicentro de la m\u00fasica sinf\u00f3nica del pa\u00eds con la realizaci\u00f3n del Primer Festival Nacional de Orquestas \u201cCosecha Sinf\u00f3nica\u201d. El evento reuni\u00f3 a j\u00f3venes m\u00fasicos de distintas provincias argentinas, quienes integraron la Orquesta Chardonnay, la Orquesta Malbec y el Coro Syrah, conformando un ensamble de gran nivel art\u00edstico.<\/strong><\/span><\/p>\n<p>El viernes 11 de octubre, se llev\u00f3 a cabo una gran gala en el <em>Cine Teatro Antonio Lafalla<\/em>, donde el p\u00fablico alvearense disfrut\u00f3 de un concierto que deslumbr\u00f3 con la energ\u00eda de m\u00e1s de 200 j\u00f3venes m\u00fasicos que compartieron escenario.<\/p>\n<p>Esta primera edici\u00f3n del festival se desarroll\u00f3 en el marco de los 20 a\u00f1os de la <strong>Orquesta Escuela<em> \u201cAlas del Viento\u201d<\/em><\/strong> y los 5 a\u00f1os de la Orquesta Filarm\u00f3nica de General Alvear, proyectos que han marcado un camino de crecimiento musical y educativo en el departamento.<\/p>\n<p><span style=\"color: #003366;\"><strong>Emilce Jacobchuk<\/strong><\/span>, <em>directora de la Orquesta Escuela Alas del Viento<\/em>, destac\u00f3 la emoci\u00f3n y el trabajo conjunto que hicieron posible este encuentro: <em><strong>\u201cEstamos muy contentos porque hoy celebramos la gala del festival nacional de orquestas Cosecha Sinf\u00f3nica, que venimos preparando hace muchos meses. Lo m\u00e1s importante es el acompa\u00f1amiento de toda la comunidad alvearense. Hemos tenido el apoyo de nuestro intendente Jany Molero, de Cultura, de Turismo, de los padres de las orquestas y de tanta gente que colabor\u00f3 con entusiasmo. Cada actividad previa fue un \u00e9xito, y gracias a todos podemos disfrutar de este gran momento\u201d.<\/strong><\/em><\/p>\n<p>Sobre la esencia del festival, agreg\u00f3: <em><strong>\u201cSe re\u00fanen chicos de todo el pa\u00eds para trabajar junto a maestros en un repertorio com\u00fan, como si fuera un buen vino que se degusta con tiempo y pasi\u00f3n. El objetivo es profesionalizar las orquestas, elevar el nivel t\u00e9cnico y musical, pero tambi\u00e9n fortalecer los lazos humanos y el amor por la m\u00fasica\u201d.<\/strong><\/em><\/p>\n<p>Tambi\u00e9n destac\u00f3 el comportamiento y compromiso de los j\u00f3venes m\u00fasicos:<strong><em> \u201cTenemos a los mejores m\u00fasicos del pa\u00eds, no solo por su nivel instrumental, sino por su humildad. Han convivido m\u00e1s de 200 chicos en total, y todo ha sido en armon\u00eda, con mucha alegr\u00eda y un objetivo com\u00fan que nos llena de orgullo\u201d.<\/em><\/strong><\/p>\n<p>Por su parte, <span style=\"color: #003366;\"><strong>Enrique Vel\u00e1zquez<\/strong><\/span> <em>director Vientos de Cambio del Chaco<\/em>, uno de los maestros invitados, remarc\u00f3 la importancia de estos espacios de encuentro: <strong><em>\u201cEstamos muy contentos de estar en Alvear, una ciudad fant\u00e1stica, muy acogedora. Estos festivales convocan a orquestas comunitarias de todo el pa\u00eds con un mismo fin: acercar el arte a los ni\u00f1os y j\u00f3venes. El arte transforma vidas y genera cohesi\u00f3n social, algo que necesitamos mucho como pa\u00eds. El proyecto de Alas del Viento es admirable. Cuando ponemos un instrumento en las manos de un ni\u00f1o, estamos tocando su alma y la parte m\u00e1s sensible de su ser. Por eso hay que seguir apostando a estos espacios\u201d.<\/em><\/strong><\/p>\n","protected":false},"excerpt":{"rendered":"<p>Del 7 al 12 de octubre, General Alvear se convirti\u00f3 en el epicentro de la m\u00fasica sinf\u00f3nica del pa\u00eds con la &#8230;<\/p>\n","protected":false},"author":7,"featured_media":153826,"comment_status":"open","ping_status":"open","sticky":false,"template":"","format":"standard","meta":{"footnotes":""},"categories":[5,19],"tags":[],"class_list":["post-153825","post","type-post","status-publish","format-standard","has-post-thumbnail","hentry","category-actualidad","category-cultura"],"_links":{"self":[{"href":"https:\/\/vinasfm.com\/noticias\/wp-json\/wp\/v2\/posts\/153825","targetHints":{"allow":["GET"]}}],"collection":[{"href":"https:\/\/vinasfm.com\/noticias\/wp-json\/wp\/v2\/posts"}],"about":[{"href":"https:\/\/vinasfm.com\/noticias\/wp-json\/wp\/v2\/types\/post"}],"author":[{"embeddable":true,"href":"https:\/\/vinasfm.com\/noticias\/wp-json\/wp\/v2\/users\/7"}],"replies":[{"embeddable":true,"href":"https:\/\/vinasfm.com\/noticias\/wp-json\/wp\/v2\/comments?post=153825"}],"version-history":[{"count":1,"href":"https:\/\/vinasfm.com\/noticias\/wp-json\/wp\/v2\/posts\/153825\/revisions"}],"predecessor-version":[{"id":153827,"href":"https:\/\/vinasfm.com\/noticias\/wp-json\/wp\/v2\/posts\/153825\/revisions\/153827"}],"wp:featuredmedia":[{"embeddable":true,"href":"https:\/\/vinasfm.com\/noticias\/wp-json\/wp\/v2\/media\/153826"}],"wp:attachment":[{"href":"https:\/\/vinasfm.com\/noticias\/wp-json\/wp\/v2\/media?parent=153825"}],"wp:term":[{"taxonomy":"category","embeddable":true,"href":"https:\/\/vinasfm.com\/noticias\/wp-json\/wp\/v2\/categories?post=153825"},{"taxonomy":"post_tag","embeddable":true,"href":"https:\/\/vinasfm.com\/noticias\/wp-json\/wp\/v2\/tags?post=153825"}],"curies":[{"name":"wp","href":"https:\/\/api.w.org\/{rel}","templated":true}]}}