{"id":153771,"date":"2025-10-10T11:21:02","date_gmt":"2025-10-10T14:21:02","guid":{"rendered":"https:\/\/vinasfm.com\/noticias\/?p=153771"},"modified":"2025-10-13T09:27:28","modified_gmt":"2025-10-13T12:27:28","slug":"con-foco-en-el-emprendedurismo-joven-comenzo-el-congreso-creactiva","status":"publish","type":"post","link":"https:\/\/vinasfm.com\/noticias\/con-foco-en-el-emprendedurismo-joven-comenzo-el-congreso-creactiva\/","title":{"rendered":"CON FOCO EN EL EMPRENDEDURISMO JOVEN, COMENZ\u00d3 EL CONGRESO CREACTIV\u00c1"},"content":{"rendered":"<h4><span style=\"color: #003300;\">Con gran participaci\u00f3n de j\u00f3venes emprendedores, se desarrolla el <strong>primer Congreso CREACTIV\u00c1<\/strong>, organizado por la <strong>C\u00e1mara Joven de la C\u00e1mara de Comercio de General Alvear<\/strong>, un espacio dise\u00f1ado para brindar herramientas, inspiraci\u00f3n y oportunidades a quienes buscan desarrollarse en el mundo del emprendimiento.<\/span><\/h4>\n<p>El evento fue inaugurado por <span style=\"color: #003366;\"><strong>Gonzalo Marcolini<\/strong><\/span>, <em>presidente de la C\u00e1mara Joven<\/em>, quien destac\u00f3 el prop\u00f3sito del congreso:<em><strong> \u201cCREACTIV\u00c1 nace del sue\u00f1o de un equipo de j\u00f3venes que busca enfocarse en la parte emprendedora, construyendo con ideas, acci\u00f3n y compromiso en el presente y el futuro. Este es un espacio donde cada participante encontrar\u00e1 inspiraci\u00f3n, herramientas y oportunidades para animarse a crear, emprender y transformar\u201d.<\/strong><\/em><\/p>\n<p>Marcolini enfatiz\u00f3 la importancia de trabajar en equipo, desafiarse y pensar soluciones a problemas regionales, transmitiendo a los asistentes experiencias que faciliten su camino como emprendedores.<\/p>\n<p>A su turno, <span style=\"color: #003366;\"><strong>Ramiro Labay<\/strong><\/span>, <em>presidente de la C\u00e1mara de Comercio de General Alvear<\/em>, alent\u00f3 a los j\u00f3venes a persistir y participar activamente. <strong><em>\u201cNo bajen los brazos. Ustedes no solo son el futuro, sino el presente. Este congreso, los talleres y los foros son la base para que cada emprendedor y empresario joven pueda tener las herramientas necesarias para desarrollarse en el futuro\u201d.<\/em><\/strong><\/p>\n<p><a href=\"https:\/\/vinasfm.com\/noticias\/wp-content\/uploads\/2025\/10\/IMG-20251010-WA0033-scaled.jpg\"><img loading=\"lazy\" decoding=\"async\" class=\"wp-image-153773 aligncenter\" src=\"https:\/\/vinasfm.com\/noticias\/wp-content\/uploads\/2025\/10\/IMG-20251010-WA0033-1024x683.jpg\" alt=\"\" width=\"600\" height=\"400\" srcset=\"https:\/\/vinasfm.com\/noticias\/wp-content\/uploads\/2025\/10\/IMG-20251010-WA0033-1024x683.jpg 1024w, https:\/\/vinasfm.com\/noticias\/wp-content\/uploads\/2025\/10\/IMG-20251010-WA0033-300x200.jpg 300w, https:\/\/vinasfm.com\/noticias\/wp-content\/uploads\/2025\/10\/IMG-20251010-WA0033-768x512.jpg 768w, https:\/\/vinasfm.com\/noticias\/wp-content\/uploads\/2025\/10\/IMG-20251010-WA0033-1536x1024.jpg 1536w, https:\/\/vinasfm.com\/noticias\/wp-content\/uploads\/2025\/10\/IMG-20251010-WA0033-2048x1366.jpg 2048w\" sizes=\"auto, (max-width: 600px) 100vw, 600px\" \/><\/a><\/p>\n<p>El evento cont\u00f3 tambi\u00e9n con la presencia del <em>Senador Provincial<\/em><span style=\"color: #003366;\"><strong> Walther Marcolini<\/strong>,<\/span> quien resalt\u00f3 la trayectoria de la C\u00e1mara Joven en el fomento del emprendedurismo:<strong><em> \u201cHace 10 a\u00f1os que la C\u00e1mara Joven trabaja en el desarrollo de emprendimientos, formando la mentalidad emprendedora de los chicos en un mundo muy din\u00e1mico y donde la innovaci\u00f3n est\u00e1 al orden del d\u00eda. Esperamos que el congreso sea una jornada de mucho \u00e9xito y aprendizaje\u201d.<\/em><\/strong><\/p>\n<p>CREACTIV\u00c1 2025 se consolid\u00f3 como un <strong>foro de aprendizaje y networking<\/strong> para j\u00f3venes del sur mendocino, ofreciendo talleres, intercambio de ideas y oportunidades para impulsar nuevos proyectos y fortalecer el ecosistema emprendedor local.<\/p>\n","protected":false},"excerpt":{"rendered":"<p>Con gran participaci\u00f3n de j\u00f3venes emprendedores, se desarrolla el primer Congreso CREACTIV\u00c1, organizado por la C\u00e1mara Joven de la C\u00e1mara de &#8230;<\/p>\n","protected":false},"author":7,"featured_media":153774,"comment_status":"open","ping_status":"open","sticky":false,"template":"","format":"standard","meta":{"footnotes":""},"categories":[182,195],"tags":[],"class_list":["post-153771","post","type-post","status-publish","format-standard","has-post-thumbnail","hentry","category-camara-joven","category-emprendedores-2"],"_links":{"self":[{"href":"https:\/\/vinasfm.com\/noticias\/wp-json\/wp\/v2\/posts\/153771","targetHints":{"allow":["GET"]}}],"collection":[{"href":"https:\/\/vinasfm.com\/noticias\/wp-json\/wp\/v2\/posts"}],"about":[{"href":"https:\/\/vinasfm.com\/noticias\/wp-json\/wp\/v2\/types\/post"}],"author":[{"embeddable":true,"href":"https:\/\/vinasfm.com\/noticias\/wp-json\/wp\/v2\/users\/7"}],"replies":[{"embeddable":true,"href":"https:\/\/vinasfm.com\/noticias\/wp-json\/wp\/v2\/comments?post=153771"}],"version-history":[{"count":2,"href":"https:\/\/vinasfm.com\/noticias\/wp-json\/wp\/v2\/posts\/153771\/revisions"}],"predecessor-version":[{"id":153775,"href":"https:\/\/vinasfm.com\/noticias\/wp-json\/wp\/v2\/posts\/153771\/revisions\/153775"}],"wp:featuredmedia":[{"embeddable":true,"href":"https:\/\/vinasfm.com\/noticias\/wp-json\/wp\/v2\/media\/153774"}],"wp:attachment":[{"href":"https:\/\/vinasfm.com\/noticias\/wp-json\/wp\/v2\/media?parent=153771"}],"wp:term":[{"taxonomy":"category","embeddable":true,"href":"https:\/\/vinasfm.com\/noticias\/wp-json\/wp\/v2\/categories?post=153771"},{"taxonomy":"post_tag","embeddable":true,"href":"https:\/\/vinasfm.com\/noticias\/wp-json\/wp\/v2\/tags?post=153771"}],"curies":[{"name":"wp","href":"https:\/\/api.w.org\/{rel}","templated":true}]}}