{"id":153710,"date":"2025-10-08T10:16:30","date_gmt":"2025-10-08T13:16:30","guid":{"rendered":"https:\/\/vinasfm.com\/noticias\/?p=153710"},"modified":"2025-10-09T09:05:53","modified_gmt":"2025-10-09T12:05:53","slug":"gustavo-correa-es-el-nuevo-titular-del-sute","status":"publish","type":"post","link":"https:\/\/vinasfm.com\/noticias\/gustavo-correa-es-el-nuevo-titular-del-sute\/","title":{"rendered":"GUSTAVO CORREA ES EL NUEVO TITULAR DEL SUTE"},"content":{"rendered":"<h4><span style=\"color: #003300;\"><strong>El dirigente estar\u00e1 al frente del SUTE por cuatro a\u00f1os. Gustavo Correa ocupar\u00e1 el cargo de Carina Sedano.<\/strong><\/span><\/h4>\n<p>Uno de los sindicatos m\u00e1s importante de\u00a0<strong>Mendoza<\/strong>\u00a0tiene nueva conducci\u00f3n:\u00a0<strong>Gustavo Correa<\/strong>\u00a0ser\u00e1 el titular del\u00a0<strong>SUTE<\/strong>\u00a0durante los pr\u00f3ximos cuatro a\u00f1os. La lista Azul Naranja se ali\u00f3 a la Celeste -hace m\u00e1s de una a\u00f1o que trabajan juntas- y se impusieron al resto de las fuerzas que compitieron en la elecci\u00f3n de este jueves.<\/p>\n<h2>Las elecciones en el SUTE<\/h2>\n<p>El Sindicato Unido de Trabajadores de la Educaci\u00f3n eligi\u00f3 hoy una nueva conducci\u00f3n gremial. En total, estaban habilitados para votar 21.814 afiliados (entre directivos, docentes y celadores). Adem\u00e1s, se distribuyeron 281 urnas en diversas escuelas de\u00a0<strong>Mendoza\u00a0<\/strong>teniendo en cuenta los cuatro oasis productivos.<\/p>\n<p>La votaci\u00f3n comenz\u00f3 a las 8 y las urnas se cerraron a las 18. Los resultados se conocieron una hora despu\u00e9s del cierre porque los presidentes de las mesas cargaron los votos con una aplicaci\u00f3n que aceler\u00f3 el recuento.<\/p>\n<div class=\"flex flex-col gap-6 news-detail__body\" data-mrf-recirculation=\"Nota - enlaces texto\">\n<p>En estas elecciones compitieron seis listas, hubo alianzas y una oposici\u00f3n m\u00e1s atomizada. El oficialismo estuvo representado por el \u00abFrente por la Escuela P\u00fablica\u00bb, que es la uni\u00f3n de los dos espacios que conducen el sindicato actualmente: Azul-Naranja y Celeste.<\/p>\n<\/div>\n<div class=\"flex flex-col gap-6 news-detail__body\" data-mrf-recirculation=\"Nota - enlaces texto\">\n<p>De la oposici\u00f3n que antes nucleaba el FURS se presentaron por separado: Fuerza Colectiva (que contiene sectores la Lista Rosa y colectivos \u201cindependientes\u201d como MALVA), CREO (agrupaci\u00f3n 9 de abril exFURS y ADE, con dirigentes del PTS) y la Lista \u00c1mbar-Verde.<\/p>\n<p>Por otro lado, estuvo la Lista Azul y Blanco, que tiene algunos v\u00ednculos con el actual gobierno provincial y una lista independiente que present\u00f3 candidatos s\u00f3lo en cuatro departamentos, como es el caso de la Lista P\u00farpura, que tendr\u00e1 candidatos en Maip\u00fa, Godoy Cruz, Tunuy\u00e1n y San Carlos.<\/p>\n<p><a href=\"https:\/\/vinasfm.com\/noticias\/wp-content\/uploads\/2025\/10\/carina-sedano-secretaria-general-del-sute-gustavo-correa-secretario-gremial-foto-maximiliano-riosmdz.webp\"><img loading=\"lazy\" decoding=\"async\" class=\"wp-image-153711 aligncenter\" src=\"https:\/\/vinasfm.com\/noticias\/wp-content\/uploads\/2025\/10\/carina-sedano-secretaria-general-del-sute-gustavo-correa-secretario-gremial-foto-maximiliano-riosmdz.webp\" alt=\"\" width=\"600\" height=\"400\" srcset=\"https:\/\/vinasfm.com\/noticias\/wp-content\/uploads\/2025\/10\/carina-sedano-secretaria-general-del-sute-gustavo-correa-secretario-gremial-foto-maximiliano-riosmdz.webp 760w, https:\/\/vinasfm.com\/noticias\/wp-content\/uploads\/2025\/10\/carina-sedano-secretaria-general-del-sute-gustavo-correa-secretario-gremial-foto-maximiliano-riosmdz-300x200.webp 300w\" sizes=\"auto, (max-width: 600px) 100vw, 600px\" \/><\/a><\/p>\n<h2>Qui\u00e9n es Gustavo Correa<\/h2>\n<p>El flamante secretario gremial del\u00a0<strong>SUTE<\/strong>,<strong>\u00a0Gustavo Correa<\/strong>, es peronista y secretario general de la CTA. Desde la militancia gremial siempre se lo vio cerca de Anabel Fern\u00e1ndez Sagasti, Cristina Fern\u00e1ndez y La C\u00e1mpora.<\/p>\n<p>Sin embargo, desde los \u00faltimos meses del a\u00f1o pasado empez\u00f3 a asistir a actos de los intendentes y dirigentes del PJ mendocino como Mat\u00edas Stevanato y Emir F\u00e9lix. Adem\u00e1s, asisti\u00f3 a una mesa de apoyo al gobernador Axel Kicillof. \u201cNosotros estamos juntando a los que creemos que Kicillof puede ser alternativa para el 2027\u201d, dijo en su momento.<\/p>\n<\/div>\n","protected":false},"excerpt":{"rendered":"<p>El dirigente estar\u00e1 al frente del SUTE por cuatro a\u00f1os. Gustavo Correa ocupar\u00e1 el cargo de Carina Sedano. Uno de los &#8230;<\/p>\n","protected":false},"author":7,"featured_media":153712,"comment_status":"open","ping_status":"open","sticky":false,"template":"","format":"standard","meta":{"footnotes":""},"categories":[10,200],"tags":[],"class_list":["post-153710","post","type-post","status-publish","format-standard","has-post-thumbnail","hentry","category-destacadas","category-sute"],"_links":{"self":[{"href":"https:\/\/vinasfm.com\/noticias\/wp-json\/wp\/v2\/posts\/153710","targetHints":{"allow":["GET"]}}],"collection":[{"href":"https:\/\/vinasfm.com\/noticias\/wp-json\/wp\/v2\/posts"}],"about":[{"href":"https:\/\/vinasfm.com\/noticias\/wp-json\/wp\/v2\/types\/post"}],"author":[{"embeddable":true,"href":"https:\/\/vinasfm.com\/noticias\/wp-json\/wp\/v2\/users\/7"}],"replies":[{"embeddable":true,"href":"https:\/\/vinasfm.com\/noticias\/wp-json\/wp\/v2\/comments?post=153710"}],"version-history":[{"count":1,"href":"https:\/\/vinasfm.com\/noticias\/wp-json\/wp\/v2\/posts\/153710\/revisions"}],"predecessor-version":[{"id":153713,"href":"https:\/\/vinasfm.com\/noticias\/wp-json\/wp\/v2\/posts\/153710\/revisions\/153713"}],"wp:featuredmedia":[{"embeddable":true,"href":"https:\/\/vinasfm.com\/noticias\/wp-json\/wp\/v2\/media\/153712"}],"wp:attachment":[{"href":"https:\/\/vinasfm.com\/noticias\/wp-json\/wp\/v2\/media?parent=153710"}],"wp:term":[{"taxonomy":"category","embeddable":true,"href":"https:\/\/vinasfm.com\/noticias\/wp-json\/wp\/v2\/categories?post=153710"},{"taxonomy":"post_tag","embeddable":true,"href":"https:\/\/vinasfm.com\/noticias\/wp-json\/wp\/v2\/tags?post=153710"}],"curies":[{"name":"wp","href":"https:\/\/api.w.org\/{rel}","templated":true}]}}