{"id":153708,"date":"2025-10-08T09:48:37","date_gmt":"2025-10-08T12:48:37","guid":{"rendered":"https:\/\/vinasfm.com\/noticias\/?p=153708"},"modified":"2025-10-09T09:06:13","modified_gmt":"2025-10-09T12:06:13","slug":"capacitacion-en-salud-mental-para-enfermeros-la-enfermeria-con-herramientas-en-salud-mental-marca-la-diferencia","status":"publish","type":"post","link":"https:\/\/vinasfm.com\/noticias\/capacitacion-en-salud-mental-para-enfermeros-la-enfermeria-con-herramientas-en-salud-mental-marca-la-diferencia\/","title":{"rendered":"CAPACITACI\u00d3N EN SALUD MENTAL PARA ENFERMEROS: \u201cLA ENFERMER\u00cdA CON HERRAMIENTAS EN SALUD MENTAL MARCA LA DIFERENCIA\u201d"},"content":{"rendered":"<h4><span style=\"color: #003300;\"><strong>Este martes se llev\u00f3 a cabo una jornada de formaci\u00f3n destinada a enfermeros y enfermeras profesionales, enfocada en brindar herramientas para el abordaje integral de la salud mental dentro del \u00e1mbito hospitalario.<\/strong><\/span><\/h4>\n<p>La capacitaci\u00f3n, titulada <em>\u201cLa enfermer\u00eda con herramientas en salud mental marca la diferencia\u201d<\/em>, estuvo a cargo del <strong>equipo de formaci\u00f3n de la Direcci\u00f3n de Salud Mental y Consumos Problem\u00e1ticos del Ministerio de Salud de Mendoza<\/strong>, con la disertaci\u00f3n del <strong>licenciado H\u00e9ctor Oviedo<\/strong> y la <strong>licenciada Patricia Barbar\u00e1n<\/strong>, quienes estuvieron acompa\u00f1ados por su equipo t\u00e9cnico.<\/p>\n<p>Durante la jornada se abordaron estrategias para fortalecer el rol del personal de enfermer\u00eda en la detecci\u00f3n temprana, el acompa\u00f1amiento y la contenci\u00f3n de pacientes con problem\u00e1ticas de salud mental, promoviendo un enfoque interdisciplinario y humano.<\/p>\n<p>Desde el <strong>Hospital Enfermeros Argentinos<\/strong> destacaron la importancia de continuar impulsando <strong>instancias de capacitaci\u00f3n continua<\/strong>, que permitan a los profesionales de la salud brindar una atenci\u00f3n cada vez m\u00e1s <strong>humana, emp\u00e1tica y comprometida<\/strong> con las necesidades de la comunidad.<\/p>\n","protected":false},"excerpt":{"rendered":"<p>Este martes se llev\u00f3 a cabo una jornada de formaci\u00f3n destinada a enfermeros y enfermeras profesionales, enfocada en brindar herramientas para &#8230;<\/p>\n","protected":false},"author":7,"featured_media":153707,"comment_status":"open","ping_status":"open","sticky":false,"template":"","format":"standard","meta":{"footnotes":""},"categories":[15,11],"tags":[],"class_list":["post-153708","post","type-post","status-publish","format-standard","has-post-thumbnail","hentry","category-salud","category-sociales"],"_links":{"self":[{"href":"https:\/\/vinasfm.com\/noticias\/wp-json\/wp\/v2\/posts\/153708","targetHints":{"allow":["GET"]}}],"collection":[{"href":"https:\/\/vinasfm.com\/noticias\/wp-json\/wp\/v2\/posts"}],"about":[{"href":"https:\/\/vinasfm.com\/noticias\/wp-json\/wp\/v2\/types\/post"}],"author":[{"embeddable":true,"href":"https:\/\/vinasfm.com\/noticias\/wp-json\/wp\/v2\/users\/7"}],"replies":[{"embeddable":true,"href":"https:\/\/vinasfm.com\/noticias\/wp-json\/wp\/v2\/comments?post=153708"}],"version-history":[{"count":1,"href":"https:\/\/vinasfm.com\/noticias\/wp-json\/wp\/v2\/posts\/153708\/revisions"}],"predecessor-version":[{"id":153709,"href":"https:\/\/vinasfm.com\/noticias\/wp-json\/wp\/v2\/posts\/153708\/revisions\/153709"}],"wp:featuredmedia":[{"embeddable":true,"href":"https:\/\/vinasfm.com\/noticias\/wp-json\/wp\/v2\/media\/153707"}],"wp:attachment":[{"href":"https:\/\/vinasfm.com\/noticias\/wp-json\/wp\/v2\/media?parent=153708"}],"wp:term":[{"taxonomy":"category","embeddable":true,"href":"https:\/\/vinasfm.com\/noticias\/wp-json\/wp\/v2\/categories?post=153708"},{"taxonomy":"post_tag","embeddable":true,"href":"https:\/\/vinasfm.com\/noticias\/wp-json\/wp\/v2\/tags?post=153708"}],"curies":[{"name":"wp","href":"https:\/\/api.w.org\/{rel}","templated":true}]}}