{"id":153689,"date":"2025-10-07T12:27:32","date_gmt":"2025-10-07T15:27:32","guid":{"rendered":"https:\/\/vinasfm.com\/noticias\/?p=153689"},"modified":"2025-10-08T10:29:16","modified_gmt":"2025-10-08T13:29:16","slug":"el-aero-club-sera-el-anfitrion-de-un-gran-show-aereo-este-fin-de-semana","status":"publish","type":"post","link":"https:\/\/vinasfm.com\/noticias\/el-aero-club-sera-el-anfitrion-de-un-gran-show-aereo-este-fin-de-semana\/","title":{"rendered":"EL AERO CLUB SER\u00c1 EL ANFITRI\u00d3N DE UN GRAN SHOW A\u00c9REO ESTE FIN DE SEMANA"},"content":{"rendered":"<h4>Este fin de semana, General Alvear vivir\u00e1 un evento muy esperado por toda la comunidad y los amantes de la actividad aeron\u00e1utica: el <strong data-start=\"284\" data-end=\"303\">Show A\u00e9reo 2025<\/strong>, que se desarrollar\u00e1 este s\u00e1bado y domingo en las instalaciones del aero club local.<\/h4>\n<p>As\u00ed lo anunciaba Anal\u00eda Garc\u00eda en conferencia de prensa: <em><strong>&#8216;habr\u00e1 acrobacia a\u00e9rea, paracaidismo, aeromodelismo y la imponente presencia de un globo aerost\u00e1tico, adem\u00e1s el espect\u00e1culo no se limitar\u00e1 al cielo, en tierra se podr\u00e1 disfrutar de food trucks y actividades recreativas, lo que convierte al evento en una experiencia completa aire-tierra&#8217;<\/strong><\/em>.<\/p>\n<p>El festival contar\u00e1 con visitantes de distintos puntos del pa\u00eds: Neuqu\u00e9n, C\u00f3rdoba, Buenos Aires, San Rafael, San Mart\u00edn y, por supuesto, Mendoza capital:<em><strong> &#8216;estamos felices de poder recibirlos, siempre que el clima acompa\u00f1e&#8217;<\/strong><\/em>, se\u00f1al\u00f3.<\/p>\n<p>Uno de los anuncios m\u00e1s celebrados por el Aeroclub es el avance de las obras para el asfaltado de la pista:<em><strong> &#8216;es un sue\u00f1o cumplido, no solo para nosotros sino para toda la comunidad, porque abre much\u00edsimas posibilidades al departamento&#8217;.\u00a0<\/strong><\/em><\/p>\n<p>La organizaci\u00f3n hizo hincapi\u00e9 en la importancia de respetar las normas de tr\u00e1nsito. La Ruta 202, en el tramo entre Kasi\u00e1n y el Puente del R\u00edo, no podr\u00e1 ser utilizada para estacionar ni detenerse.<\/p>\n","protected":false},"excerpt":{"rendered":"<p>Este fin de semana, General Alvear vivir\u00e1 un evento muy esperado por toda la comunidad y los amantes de la actividad &#8230;<\/p>\n","protected":false},"author":7,"featured_media":153691,"comment_status":"open","ping_status":"open","sticky":false,"template":"","format":"standard","meta":{"footnotes":""},"categories":[5,10],"tags":[],"class_list":["post-153689","post","type-post","status-publish","format-standard","has-post-thumbnail","hentry","category-actualidad","category-destacadas"],"_links":{"self":[{"href":"https:\/\/vinasfm.com\/noticias\/wp-json\/wp\/v2\/posts\/153689","targetHints":{"allow":["GET"]}}],"collection":[{"href":"https:\/\/vinasfm.com\/noticias\/wp-json\/wp\/v2\/posts"}],"about":[{"href":"https:\/\/vinasfm.com\/noticias\/wp-json\/wp\/v2\/types\/post"}],"author":[{"embeddable":true,"href":"https:\/\/vinasfm.com\/noticias\/wp-json\/wp\/v2\/users\/7"}],"replies":[{"embeddable":true,"href":"https:\/\/vinasfm.com\/noticias\/wp-json\/wp\/v2\/comments?post=153689"}],"version-history":[{"count":1,"href":"https:\/\/vinasfm.com\/noticias\/wp-json\/wp\/v2\/posts\/153689\/revisions"}],"predecessor-version":[{"id":153692,"href":"https:\/\/vinasfm.com\/noticias\/wp-json\/wp\/v2\/posts\/153689\/revisions\/153692"}],"wp:featuredmedia":[{"embeddable":true,"href":"https:\/\/vinasfm.com\/noticias\/wp-json\/wp\/v2\/media\/153691"}],"wp:attachment":[{"href":"https:\/\/vinasfm.com\/noticias\/wp-json\/wp\/v2\/media?parent=153689"}],"wp:term":[{"taxonomy":"category","embeddable":true,"href":"https:\/\/vinasfm.com\/noticias\/wp-json\/wp\/v2\/categories?post=153689"},{"taxonomy":"post_tag","embeddable":true,"href":"https:\/\/vinasfm.com\/noticias\/wp-json\/wp\/v2\/tags?post=153689"}],"curies":[{"name":"wp","href":"https:\/\/api.w.org\/{rel}","templated":true}]}}