{"id":153669,"date":"2025-10-07T09:54:49","date_gmt":"2025-10-07T12:54:49","guid":{"rendered":"https:\/\/vinasfm.com\/noticias\/?p=153669"},"modified":"2025-10-08T09:56:51","modified_gmt":"2025-10-08T12:56:51","slug":"elecciones-2025-estas-seran-las-boletas-que-vas-a-encontrar-para-votar","status":"publish","type":"post","link":"https:\/\/vinasfm.com\/noticias\/elecciones-2025-estas-seran-las-boletas-que-vas-a-encontrar-para-votar\/","title":{"rendered":"ELECCIONES 2025: ESTAS SER\u00c1N LAS BOLETAS QUE VAS A ENCONTRAR PARA VOTAR"},"content":{"rendered":"<header class=\"news-headline\">\n<h4 class=\"ignore-parser\"><span style=\"color: #003300;\"><strong>En General Alvear habr\u00e1 dos boletas, una para la categor\u00eda de diputados nacionales y otra para legisladores provinciales y concejales.<\/strong><\/span><\/h4>\n<\/header>\n<div class=\"row\">\n<div class=\"col-12 col-lg-8\">\n<article class=\"article-body article-body--first-paragraph\">El 26 de octubre en la\u00a0<strong>provincia de Mendoza<\/strong>\u00a0se llevar\u00e1n a cabo las\u00a0<strong>elecciones 2025<\/strong>, en las que se elegir\u00e1n 5 diputados nacionales, 24 diputados y 19 senadores provinciales, repartidos entre los cuatro distritos electorales. Adem\u00e1s, se elegir\u00e1 la mitad de los concejales en 12 departamentos. En esta nota te contamos qu\u00e9 se vota en<strong>\u00a0General Alvear<\/strong>.<\/article>\n<article class=\"article-body article-body--second-paragraph\"><strong>El<\/strong><em> intendente de General Alvear<\/em><strong>, <span style=\"color: #003300;\">Alejandro Molero<\/span>,<\/strong><strong>\u00a0decidi\u00f3 que se vote la categor\u00eda departamental junto a las elecciones nacionales y provinciales<\/strong>; es decir que se votar\u00e1n todos los cargos legislativos en la misma fecha.<\/article>\n<article class=\"article-body article-body--second-paragraph\">En el caso de General Alvear,\u00a0<strong>se elegir\u00e1n 5 de los 10 concejales, mientras que el resto se renovar\u00e1 en 2027<\/strong>. As\u00ed se establece de acuerdo a la Constituci\u00f3n Provincial y a la Ley Org\u00e1nica de Municipalidades N\u00ba 1079.<\/article>\n<article class=\"article-body article-body--second-paragraph\">Adem\u00e1s,\u00a0<strong>General Alvear integra junto a San Rafael y Malarg\u00fce la Cuarta Secci\u00f3n Electoral<\/strong>, donde se elegir\u00e1n 4 senadores y 5 diputados provinciales.<\/article>\n<article class=\"article-body article-body--third-paragraph\">\n<h2>Boleta provincial<\/h2>\n<div id=\"749141-Libre-1699421882_wrap\" class=\"embed_cont type_imagen\" contenteditable=\"false\">\n<div id=\"749141-Libre-1699421882_content\" class=\"embed_content\"><img decoding=\"async\" id=\"749141-Libre-1699421882_embed\" title=\"\" src=\"https:\/\/media.sitioandino.com.ar\/p\/ea82eee2fd06517c763014779c3e8151\/adjuntos\/335\/imagenes\/000\/807\/0000807905\/790x0\/smart\/boleta-unica-general-alvear-elecciones-2025-mendoza.jpeg\" alt=\"\" width=\"790\" height=\"undefined\" data-td-src-property=\"https:\/\/media.sitioandino.com.ar\/p\/ea82eee2fd06517c763014779c3e8151\/adjuntos\/335\/imagenes\/000\/807\/0000807905\/790x0\/smart\/boleta-unica-general-alvear-elecciones-2025-mendoza.jpeg\" \/><\/div>\n<\/div>\n<h2>Qui\u00e9nes son los candidatos a concejales en General Alvear (por orden de aparici\u00f3n en la boleta)<\/h2>\n<ul>\n<li aria-level=\"1\">Fuerza Justicialista Mendoza:\u00a0<strong>Oscar Bonnardel, Vanina Lucero, El\u00edas Emanuel Julio, Diana Gonz\u00e1lez Fedra, Gladys Beatriz Garc\u00eda<\/strong>.<\/li>\n<li aria-level=\"1\">Frente Verde:\u00a0<strong>Pablo Reyes, Adriana Kuroski, Jaquelina Bequir, Daniel Tello, Jerez Carina<\/strong>.<\/li>\n<li aria-level=\"1\">Protectora Fuerza Pol\u00edtica: no presenta candidatos en esta categor\u00eda.<\/li>\n<li aria-level=\"1\">Frente de Izquierda y de los Trabajadores-Unidad (FIT-U):\u00a0<strong>Carolina \u00c1lvarez, Aldo Suarez, Rafael Cabrera, Alejandra Ivana G\u00f3mez, Renzo Fern\u00e1ndez<\/strong>.<\/li>\n<li aria-level=\"1\">Frente Libertario Dem\u00f3crata:\u00a0<strong>Cecilia Quiroga, Diego Fischer, Jos\u00e9 Mu\u00f1oz, Mirta Esther Dziemid, Florencia Cuello<\/strong>.<\/li>\n<li aria-level=\"1\">Provincias Unidas-Defendamos Mendoza:<strong>\u00a0Laura Molina, Ariel Cord\u00f3n D\u00edaz, Raquel Yunes, Jonatan Gil, Milena Paez.<\/strong><\/li>\n<li aria-level=\"1\">Frente La Libertad Avanza + Cambia Mendoza:\u00a0<strong>Marcos Iv\u00e1n Domenech, Florencia Morales, Emilce Jacobchuk, V\u00edctor Garc\u00eda, Milagros Nieto<\/strong>.<\/li>\n<li aria-level=\"1\">Partido de los Jubilados:\u00a0<strong>Fernando Olivieri, Cristina Luskevich, Ana Lorena Ochoa, Juan Pablo Alanis, Ana Roc\u00edo Calder\u00f3n<\/strong>.<\/li>\n<\/ul>\n<h2>Candidatos en la Cuarta Secci\u00f3n Electoral<\/h2>\n<h3>Senadores Provinciales<\/h3>\n<ul>\n<li aria-level=\"1\">Frente Fuerza Justicialista:<strong>\u00a0Pedro Javier Serra, Liliana Paponet, Yanela Betiana Medina, Ezequiel Ascoetti<\/strong>.<\/li>\n<li aria-level=\"1\">Frente Verde:\u00a0<strong>Fabiola Carri\u00f3n, Nahuel Fern\u00e1ndez, Constanza Segura, \u00c1ngel C\u00e1diz<\/strong>.<\/li>\n<li aria-level=\"1\">Protectora:\u00a0<strong>Johana Lourdes Lucero, Luis Osvaldo Lucero, Luc\u00eda Morabito, Gabriel B\u00e1ez<\/strong>.<\/li>\n<li aria-level=\"1\">Frente de Izquierda &#8211; Unidad:\u00a0<strong>Hern\u00e1n Pujol, Mar\u00eda Correa, Franco Ignacio Grifol, Alejandra Guill\u00e9n<\/strong>.<\/li>\n<li aria-level=\"1\">Frente Libertario Dem\u00f3crata:\u00a0<strong>Carlos Lagos, Bibiana Pereyra, Dar\u00edo Olarte, Raquel Valde<\/strong>.<\/li>\n<li aria-level=\"1\">Provincias Unidas:\u00a0<strong>Cecilia Bielli, Fabi\u00e1n P\u00e9rez, Claudia Lissandrello, Jonathan Gatica<\/strong>.<\/li>\n<li aria-level=\"1\">Frente La Libertad Avanza + Cambia Mendoza:\u00a0<strong>Leonardo Yapur, Carolina Loparco, J\u00e9sica Laferte, Ricardo Ramos<\/strong>.<\/li>\n<li aria-level=\"1\">Partido de los Jubilados:<strong>\u00a0Carlos Samudio, Adriana Calder\u00f3n, Antonio Merenda, Olga Ca\u00f1as<\/strong>.<\/li>\n<\/ul>\n<h3>Diputados Provinciales<\/h3>\n<ul>\n<li aria-level=\"1\">Frente Fuerza Justicialista:\u00a0<strong>Alejandra Barro, Gustavo Perret, Marta Mart\u00ednez Rejtman, Andr\u00e9s Risi, Julen Rabino<\/strong>.<\/li>\n<li aria-level=\"1\">Frente Verde:\u00a0<strong>Mart\u00edn Palma, Mariana Sosa, Daniel Vallejos, Nery Flores, Marta Dominguez<\/strong>.<\/li>\n<li aria-level=\"1\">Protectora:\u00a0<strong>Manuel Juliao Alec, Marcela Loria, Carlos Rodolfo Arenas, Romina Oviedo, Antonio David Gim\u00e9nez<\/strong>.<\/li>\n<li aria-level=\"1\">Frente de Izquierda &#8211; Unidad:\u00a0<strong>Lihuen Albornoz, Edgard Sotorres, Karen Aldana Vargas, Franco Ceballos, Valeria Recabarren<\/strong>.<\/li>\n<li aria-level=\"1\">Frente Libertario Dem\u00f3crata:<strong>\u00a0Mart\u00edn Marcianesi, Macarena S\u00e1nchez Arana, Daniel Morandini, Elizabet Suarez, Roque David Aranega<\/strong>.<\/li>\n<li aria-level=\"1\">Provincias Unidas:\u00a0<strong>Gustavo Majstruk, Pamela Bel\u00e9n Grain, Roberto Yarsky, Andrea Lucero, Jorge Antonio Guarnier<\/strong>.<\/li>\n<li aria-level=\"1\">Frente La Libertad Avanza + Cambia Mendoza:\u00a0<strong>Alejandra Torti, Nicol\u00e1s De Pedro, Carlos Ponce, Valentina S\u00e1nchez, Natalia Alonso<\/strong>.<\/li>\n<li aria-level=\"1\">Partido de los Jubilados:\u00a0<strong>Laura Carrasco, Dar\u00edo Barcudi, Javier Pretel, Elsa Piris, Fernando Barrera<\/strong>.<\/li>\n<\/ul>\n<h2>C\u00f3mo est\u00e1 compuesto el Concejo Deliberante de General Alvear<\/h2>\n<p>El concejo alvearense tiene 10\u00a0<strong>bancas<\/strong>: 3 de\u00a0<strong>CM<\/strong>, 2 de\u00a0<strong>PJ<\/strong>, 2 de\u00a0<strong>Activ\u00e1 Ya-PRO<\/strong>, 1 de<strong>\u00a0LUM<\/strong>, 1 de\u00a0<strong>Libertad y Progreso<\/strong>\u00a0y 1 de\u00a0<strong>Encuentro<\/strong>.<\/p>\n<p>De estas,\u00a0<strong>en estas elecciones 2025 se renovar\u00e1n 2\u00a0<\/strong><strong>bancas de la UCR<\/strong>\u00a0(la de Alejandra Torti y Hern\u00e1n Climent), 1 del\u00a0<strong>PJ<\/strong>\u00a0(Silvina Melzi), 1 del\u00a0<strong>Partido Federal\u00a0<\/strong>(Raquel Yunes) y 1 del\u00a0<strong>PRO\u00a0<\/strong>(Adri\u00e1n Caltabiano).<\/p>\n<p>Mientras que\u00a0<strong>seguir\u00e1n<\/strong>\u00a0en sus bancas dos a\u00f1os m\u00e1s: Gisela Bello (UCR-Cambia Mendoza), Florencia Escart\u00edn (Partido Justicialista-Uni\u00f3n Por la Patria), Carlos Zalazar (PRO-Cambia Mendoza), N\u00e9stor Ortega (La Uni\u00f3n Mendocina) y Mirta Mart\u00ednez (Libertad Y Progreso).<\/p>\n<h2>Boleta nacional<\/h2>\n<p>Adem\u00e1s de la boleta provincial, en General Alvear, el elector se encontrar\u00e1 con la boleta nacional.<\/p>\n<div id=\"749148-Libre-1580001_wrap\" class=\"embed_cont type_imagen\" contenteditable=\"false\">\n<div id=\"749148-Libre-1580001_content\" class=\"embed_content\"><img decoding=\"async\" id=\"749148-Libre-1580001_embed\" title=\"\" src=\"https:\/\/media.sitioandino.com.ar\/p\/558ff26c834075516d48aff1662b5864\/adjuntos\/335\/imagenes\/000\/807\/0000807919\/790x0\/smart\/boleta-unica-provincia-mendoza-elecciones-2025-diputado-nacional-portada.jpg\" alt=\"\" width=\"790\" height=\"undefined\" data-td-src-property=\"https:\/\/media.sitioandino.com.ar\/p\/558ff26c834075516d48aff1662b5864\/adjuntos\/335\/imagenes\/000\/807\/0000807919\/790x0\/smart\/boleta-unica-provincia-mendoza-elecciones-2025-diputado-nacional-portada.jpg\" \/><\/div>\n<\/div>\n<p><strong>Frente Fuerza Justicialista<\/strong><\/p>\n<ul>\n<li aria-level=\"1\">Emir F\u00e9lix<\/li>\n<li aria-level=\"1\">Marisa Uceda<\/li>\n<li aria-level=\"1\">Mat\u00edas Stevanato<\/li>\n<li aria-level=\"1\">Flor Dest\u00e9fanis<\/li>\n<li aria-level=\"1\">Fernando Ubieta<\/li>\n<\/ul>\n<p><strong>Frente Verde<\/strong><\/p>\n<ul>\n<li aria-level=\"1\">Diputados Nacionales<\/li>\n<li aria-level=\"1\">Mario Vadillo<\/li>\n<li aria-level=\"1\">Bel\u00e9n Bobba<\/li>\n<li aria-level=\"1\">Dugar Chappel<\/li>\n<li aria-level=\"1\">Oriana Torres<\/li>\n<li aria-level=\"1\">Maximiliano Mu\u00f1oz<\/li>\n<\/ul>\n<p><strong>Protectora Fuerza Pol\u00edtica<\/strong><\/p>\n<ul>\n<li aria-level=\"1\">Carolina Jacky<\/li>\n<li aria-level=\"1\">Sebasti\u00e1n Zelada<\/li>\n<li aria-level=\"1\">Mar\u00eda In\u00e9s Rojas<\/li>\n<li aria-level=\"1\">Mateo Matas<\/li>\n<li aria-level=\"1\">Laura Urzi<\/li>\n<\/ul>\n<p><strong>Frente de Izquierda y de los Trabajadores &#8211; Unidad<\/strong><\/p>\n<ul>\n<li aria-level=\"1\">Micaela Blanco Minoli<\/li>\n<li aria-level=\"1\">Nicol\u00e1s Fern\u00e1ndez<\/li>\n<li aria-level=\"1\">Marta Bernabeu<\/li>\n<li aria-level=\"1\">Nicol\u00e1s Cortez<\/li>\n<li aria-level=\"1\">Julieta Uceda<\/li>\n<\/ul>\n<p><strong>Movimiento al Socialismo<\/strong><\/p>\n<ul>\n<li aria-level=\"1\">Susana Barros<\/li>\n<li aria-level=\"1\">Fernando Flores<\/li>\n<li aria-level=\"1\">Pamela Miranda<\/li>\n<li aria-level=\"1\">Nahuel D\u00edaz<\/li>\n<li aria-level=\"1\">Lis L\u00f3pez<\/li>\n<\/ul>\n<p><strong>Frente Libertario Dem\u00f3crata<\/strong><\/p>\n<ul>\n<li aria-level=\"1\">Gabriel Sottile<\/li>\n<li aria-level=\"1\">Mariel Maestri<\/li>\n<li aria-level=\"1\">Gast\u00f3n Pescarmona<\/li>\n<li aria-level=\"1\">\u00c1ngeles Bermejo<\/li>\n<li aria-level=\"1\">Federico Raffetto<\/li>\n<\/ul>\n<p><strong>Alianza Defendamos Mendoza &#8211; Provincias Unidas<\/strong><\/p>\n<ul>\n<li aria-level=\"1\">Jorge Difonso<\/li>\n<li aria-level=\"1\">Flavia Manoni<\/li>\n<li aria-level=\"1\">Jorge Palero<\/li>\n<li aria-level=\"1\">Gisella Talquenca<\/li>\n<\/ul>\n<p><strong>Frente La Libertad Avanza + Cambia Mendoza<\/strong><\/p>\n<ul>\n<li aria-level=\"1\">Luis Alfonso Petri<\/li>\n<li aria-level=\"1\">Pamela Fernanda Verasay<\/li>\n<li aria-level=\"1\">\u00c1lvaro Mart\u00ednez<\/li>\n<li aria-level=\"1\">Mar\u00eda Julieta Metral Asensio<\/li>\n<li aria-level=\"1\">Mauricio Oscar Pinti Clop<\/li>\n<\/ul>\n<p><a href=\"https:\/\/www.sitioandino.com.ar\/politica\/elecciones-2025-general-alvear-estas-son-las-boletas-que-te-encontraras-votar-n5708616\">Sitio Andino.<\/a><\/p>\n<\/article>\n<\/div>\n<\/div>\n","protected":false},"excerpt":{"rendered":"<p>En General Alvear habr\u00e1 dos boletas, una para la categor\u00eda de diputados nacionales y otra para legisladores provinciales y concejales. El &#8230;<\/p>\n","protected":false},"author":7,"featured_media":153670,"comment_status":"open","ping_status":"open","sticky":false,"template":"","format":"standard","meta":{"footnotes":""},"categories":[5,23],"tags":[],"class_list":["post-153669","post","type-post","status-publish","format-standard","has-post-thumbnail","hentry","category-actualidad","category-elecciones"],"_links":{"self":[{"href":"https:\/\/vinasfm.com\/noticias\/wp-json\/wp\/v2\/posts\/153669","targetHints":{"allow":["GET"]}}],"collection":[{"href":"https:\/\/vinasfm.com\/noticias\/wp-json\/wp\/v2\/posts"}],"about":[{"href":"https:\/\/vinasfm.com\/noticias\/wp-json\/wp\/v2\/types\/post"}],"author":[{"embeddable":true,"href":"https:\/\/vinasfm.com\/noticias\/wp-json\/wp\/v2\/users\/7"}],"replies":[{"embeddable":true,"href":"https:\/\/vinasfm.com\/noticias\/wp-json\/wp\/v2\/comments?post=153669"}],"version-history":[{"count":2,"href":"https:\/\/vinasfm.com\/noticias\/wp-json\/wp\/v2\/posts\/153669\/revisions"}],"predecessor-version":[{"id":153680,"href":"https:\/\/vinasfm.com\/noticias\/wp-json\/wp\/v2\/posts\/153669\/revisions\/153680"}],"wp:featuredmedia":[{"embeddable":true,"href":"https:\/\/vinasfm.com\/noticias\/wp-json\/wp\/v2\/media\/153670"}],"wp:attachment":[{"href":"https:\/\/vinasfm.com\/noticias\/wp-json\/wp\/v2\/media?parent=153669"}],"wp:term":[{"taxonomy":"category","embeddable":true,"href":"https:\/\/vinasfm.com\/noticias\/wp-json\/wp\/v2\/categories?post=153669"},{"taxonomy":"post_tag","embeddable":true,"href":"https:\/\/vinasfm.com\/noticias\/wp-json\/wp\/v2\/tags?post=153669"}],"curies":[{"name":"wp","href":"https:\/\/api.w.org\/{rel}","templated":true}]}}