{"id":153656,"date":"2025-10-07T08:52:46","date_gmt":"2025-10-07T11:52:46","guid":{"rendered":"https:\/\/vinasfm.com\/noticias\/?p=153656"},"modified":"2025-10-07T11:33:23","modified_gmt":"2025-10-07T14:33:23","slug":"avanza-la-capacitacion-en-riego-agricola-con-asistencia-tecnica-y-financiamiento","status":"publish","type":"post","link":"https:\/\/vinasfm.com\/noticias\/avanza-la-capacitacion-en-riego-agricola-con-asistencia-tecnica-y-financiamiento\/","title":{"rendered":"AVANZA LA CAPACITACI\u00d3N EN RIEGO AGR\u00cdCOLA CON ASISTENCIA T\u00c9CNICA Y FINANCIAMIENTO"},"content":{"rendered":"<h4>Durante la ma\u00f1ana de este lunes, se llev\u00f3 a cabo en el Multiespacio de la Bodega Fara\u00f3n la segunda jornada del ciclo de Asistencia T\u00e9cnica en Riego Agr\u00edcola, una propuesta que forma parte de un plan de fortalecimiento del sector productivo regional, impulsado por el Gobierno de Mendoza a trav\u00e9s del Departamento General de Irrigaci\u00f3n, en conjunto con el Consejo Federal de Inversiones (CFI) y con el acompa\u00f1amiento de la Municipalidad de General Alvear.<\/h4>\n<p>Este programa busca brindar herramientas concretas a los productores para mejorar el uso del agua en los sistemas agr\u00edcolas, un recurso escaso y vital en la provincia. Las capacitaciones, sumadas al acompa\u00f1amiento t\u00e9cnico y la posibilidad de acceder a l\u00edneas de financiamiento con tasas preferenciales, representan una oportunidad concreta para avanzar hacia una producci\u00f3n m\u00e1s eficiente, sustentable y competitiva.<\/p>\n<p>El plan contempla varias etapas que se desarrollan de manera articulada con las Asociaciones e Inspecciones de Cauce de la zona. Entre ellas se destacan la caracterizaci\u00f3n del \u00e1rea productiva, capacitaciones presenciales, la postulaci\u00f3n de proyectos, el seguimiento t\u00e9cnico y la evaluaci\u00f3n de los resultados. A lo largo de este proceso, se abordan aspectos clave como las tecnolog\u00edas de riego m\u00e1s adecuadas para cada tipo de producci\u00f3n, la formulaci\u00f3n de proyectos productivos y ambientales, las buenas pr\u00e1cticas en el uso del recurso h\u00eddrico, la programaci\u00f3n y monitoreo del riego, y el funcionamiento de sistemas presurizados.<\/p>\n<p>La capacitaci\u00f3n est\u00e1 estructurada en tres encuentros. El primero tuvo lugar el pasado 29 de septiembre; el segundo, este lunes 6 de octubre, y el tercero ser\u00e1 el pr\u00f3ximo 13 de octubre, en una parcela demostrativa cuya ubicaci\u00f3n a\u00fan se encuentra por definirse. A diferencia de las dos primeras jornadas, que fueron te\u00f3ricas, la tercera ser\u00e1 pr\u00e1ctica, con actividades en campo y la participaci\u00f3n de empresas que mostrar\u00e1n distintas soluciones tecnol\u00f3gicas aplicadas al riego.<\/p>\n<p>Santiago Del R\u00edo, subdelegado de Aguas del R\u00edo Atuel, destac\u00f3 el valor de este tipo de iniciativas: \u201cya estamos en la segunda charla de asistencia t\u00e9cnica en eficiencia de riego. Las dos primeras son te\u00f3ricas y la pr\u00f3xima ser\u00e1 en campo, viendo diferentes sistemas y lo que propongan las empresas locales en cuanto a tecnolog\u00eda. Adem\u00e1s de esta capacitaci\u00f3n, en la primera jornada se present\u00f3 la l\u00ednea de financiamiento del CFI, que es muy interesante por las condiciones que ofrece para quienes quieran invertir en mejorar la eficiencia del riego dentro de sus fincas\u201d.<\/p>\n<p>Del R\u00edo tambi\u00e9n hizo hincapi\u00e9 en la importancia del uso responsable del agua, un tema central en el contexto provincial: \u201ceste incentivo busca, sin dudas, lograr un buen uso de un recurso que siempre hay que cuidar.<\/p>\n<p>No solo se trata de usar menos agua, sino de hacerlo de forma m\u00e1s eficiente, lo que adem\u00e1s se traduce en mayores productividades en los cultivos. Poder acceder a esos cr\u00e9ditos ser\u00eda muy interesante para los productores que desean tecnificarse\u201d.<\/p>\n<p>En cuanto a la participaci\u00f3n, el funcionario asegur\u00f3 que la convocatoria ha sido muy positiva, \u201ctenemos buena asistencia, gracias a Dios, y estamos esperando con muchas expectativas la pr\u00f3xima jornada, donde se podr\u00e1 ver en campo todo lo que se viene trabajando con los productores\u201d.<\/p>\n","protected":false},"excerpt":{"rendered":"<p>Durante la ma\u00f1ana de este lunes, se llev\u00f3 a cabo en el Multiespacio de la Bodega Fara\u00f3n la segunda jornada del &#8230;<\/p>\n","protected":false},"author":7,"featured_media":153657,"comment_status":"open","ping_status":"open","sticky":false,"template":"","format":"standard","meta":{"footnotes":""},"categories":[5,14],"tags":[],"class_list":["post-153656","post","type-post","status-publish","format-standard","has-post-thumbnail","hentry","category-actualidad","category-agro"],"_links":{"self":[{"href":"https:\/\/vinasfm.com\/noticias\/wp-json\/wp\/v2\/posts\/153656","targetHints":{"allow":["GET"]}}],"collection":[{"href":"https:\/\/vinasfm.com\/noticias\/wp-json\/wp\/v2\/posts"}],"about":[{"href":"https:\/\/vinasfm.com\/noticias\/wp-json\/wp\/v2\/types\/post"}],"author":[{"embeddable":true,"href":"https:\/\/vinasfm.com\/noticias\/wp-json\/wp\/v2\/users\/7"}],"replies":[{"embeddable":true,"href":"https:\/\/vinasfm.com\/noticias\/wp-json\/wp\/v2\/comments?post=153656"}],"version-history":[{"count":1,"href":"https:\/\/vinasfm.com\/noticias\/wp-json\/wp\/v2\/posts\/153656\/revisions"}],"predecessor-version":[{"id":153658,"href":"https:\/\/vinasfm.com\/noticias\/wp-json\/wp\/v2\/posts\/153656\/revisions\/153658"}],"wp:featuredmedia":[{"embeddable":true,"href":"https:\/\/vinasfm.com\/noticias\/wp-json\/wp\/v2\/media\/153657"}],"wp:attachment":[{"href":"https:\/\/vinasfm.com\/noticias\/wp-json\/wp\/v2\/media?parent=153656"}],"wp:term":[{"taxonomy":"category","embeddable":true,"href":"https:\/\/vinasfm.com\/noticias\/wp-json\/wp\/v2\/categories?post=153656"},{"taxonomy":"post_tag","embeddable":true,"href":"https:\/\/vinasfm.com\/noticias\/wp-json\/wp\/v2\/tags?post=153656"}],"curies":[{"name":"wp","href":"https:\/\/api.w.org\/{rel}","templated":true}]}}