{"id":153641,"date":"2025-10-06T10:48:34","date_gmt":"2025-10-06T13:48:34","guid":{"rendered":"https:\/\/vinasfm.com\/noticias\/?p=153641"},"modified":"2025-10-07T10:25:54","modified_gmt":"2025-10-07T13:25:54","slug":"alvear-fue-sede-de-una-nueva-edicion-de-la-feria-del-libro","status":"publish","type":"post","link":"https:\/\/vinasfm.com\/noticias\/alvear-fue-sede-de-una-nueva-edicion-de-la-feria-del-libro\/","title":{"rendered":"ALVEAR FUE SEDE DE UNA NUEVA EDICI\u00d3N DE LA FERIA DEL LIBRO"},"content":{"rendered":"<h4><span style=\"color: #003300;\"><strong>Con una destacada participaci\u00f3n de escritores, artistas y p\u00fablico en general, General Alvear fue sede de la Feria del Libro 2025, dedicada al artista mendocino Juan Gim\u00e9nez. Durante dos d\u00edas, el departamento se convirti\u00f3 en un punto de encuentro para la cultura, la lectura y el arte.<\/strong><\/span><\/h4>\n<p>La feria ofreci\u00f3 una amplia agenda de actividades en distintos espacios, como el<em> Mercado Municipal y el Cine Teatro Antonio Lafalla<\/em>, donde se realizaron talleres, charlas, presentaciones literarias y obras de teatro.<\/p>\n<p>Uno de los escritores que presentaron libros fue <span style=\"color: #003366;\"><strong>Daniel De Monte<\/strong><\/span>, quien comparti\u00f3 su tercer libro <em><strong>\u00abRa\u00edces\u00bb<\/strong><\/em> y expres\u00f3 la importancia de estos espacios:<em><strong> \u201ces un eslab\u00f3n importante porque la Feria del Libro precisamente muestra eso: la posibilidad de presentar libros, de conocernos con otros escritores, algunos con experiencia, otros muy j\u00f3venes, y sobre todo la oportunidad de que los j\u00f3venes y los ni\u00f1os se acerquen a los libros\u201d<\/strong><\/em>, destac\u00f3 De Monte.<\/p>\n<p>El p\u00fablico tambi\u00e9n disfrut\u00f3 de propuestas art\u00edsticas de primer nivel, como la obra de teatro <em><strong>\u201c\u00bfQui\u00e9n soy yo?\u201d<\/strong><\/em> protagonizada por <span style=\"color: #003366;\"><strong>Fabi\u00e1n Vena<\/strong><\/span>, y el show musical de <span style=\"color: #003366;\"><strong>Nito Mestre<\/strong><\/span><strong><em> \u201cHa sido: a 50 a\u00f1os del adi\u00f3s<\/em><\/strong>\u00ab, ambos en el Cine Teatro Antonio Lafalla, que convocaron a gran cantidad de espectadores.<\/p>\n<p><a href=\"https:\/\/vinasfm.com\/noticias\/wp-content\/uploads\/2025\/10\/IMG-20251006-WA0102.jpg\"><img loading=\"lazy\" decoding=\"async\" class=\"alignnone wp-image-153645\" src=\"https:\/\/vinasfm.com\/noticias\/wp-content\/uploads\/2025\/10\/IMG-20251006-WA0102-1024x575.jpg\" alt=\"\" width=\"360\" height=\"202\" srcset=\"https:\/\/vinasfm.com\/noticias\/wp-content\/uploads\/2025\/10\/IMG-20251006-WA0102-1024x575.jpg 1024w, https:\/\/vinasfm.com\/noticias\/wp-content\/uploads\/2025\/10\/IMG-20251006-WA0102-300x168.jpg 300w, https:\/\/vinasfm.com\/noticias\/wp-content\/uploads\/2025\/10\/IMG-20251006-WA0102-768x431.jpg 768w, https:\/\/vinasfm.com\/noticias\/wp-content\/uploads\/2025\/10\/IMG-20251006-WA0102-1536x862.jpg 1536w, https:\/\/vinasfm.com\/noticias\/wp-content\/uploads\/2025\/10\/IMG-20251006-WA0102-750x420.jpg 750w, https:\/\/vinasfm.com\/noticias\/wp-content\/uploads\/2025\/10\/IMG-20251006-WA0102-1140x641.jpg 1140w, https:\/\/vinasfm.com\/noticias\/wp-content\/uploads\/2025\/10\/IMG-20251006-WA0102.jpg 1600w\" sizes=\"auto, (max-width: 360px) 100vw, 360px\" \/><\/a> <a href=\"https:\/\/vinasfm.com\/noticias\/wp-content\/uploads\/2025\/10\/IMG-20251006-WA0099.jpg\"><img loading=\"lazy\" decoding=\"async\" class=\"alignnone wp-image-153646\" src=\"https:\/\/vinasfm.com\/noticias\/wp-content\/uploads\/2025\/10\/IMG-20251006-WA0099-1024x682.jpg\" alt=\"\" width=\"303\" height=\"202\" srcset=\"https:\/\/vinasfm.com\/noticias\/wp-content\/uploads\/2025\/10\/IMG-20251006-WA0099-1024x682.jpg 1024w, https:\/\/vinasfm.com\/noticias\/wp-content\/uploads\/2025\/10\/IMG-20251006-WA0099-300x200.jpg 300w, https:\/\/vinasfm.com\/noticias\/wp-content\/uploads\/2025\/10\/IMG-20251006-WA0099-768x512.jpg 768w, https:\/\/vinasfm.com\/noticias\/wp-content\/uploads\/2025\/10\/IMG-20251006-WA0099-1536x1023.jpg 1536w, https:\/\/vinasfm.com\/noticias\/wp-content\/uploads\/2025\/10\/IMG-20251006-WA0099.jpg 1600w\" sizes=\"auto, (max-width: 303px) 100vw, 303px\" \/><\/a><\/p>\n<p>De esta manera, General Alvear volvi\u00f3 a posicionarse como referente cultural en la provincia, ofreciendo una feria que no solo celebr\u00f3 la literatura mendocina, sino tambi\u00e9n el intercambio, la reflexi\u00f3n y la creaci\u00f3n art\u00edstica.<\/p>\n<p><a href=\"https:\/\/vinasfm.com\/noticias\/wp-content\/uploads\/2025\/10\/IMG-20251006-WA0104.jpg\"><img loading=\"lazy\" decoding=\"async\" class=\"alignnone wp-image-153644\" src=\"https:\/\/vinasfm.com\/noticias\/wp-content\/uploads\/2025\/10\/IMG-20251006-WA0104-1024x682.jpg\" alt=\"\" width=\"600\" height=\"400\" srcset=\"https:\/\/vinasfm.com\/noticias\/wp-content\/uploads\/2025\/10\/IMG-20251006-WA0104-1024x682.jpg 1024w, https:\/\/vinasfm.com\/noticias\/wp-content\/uploads\/2025\/10\/IMG-20251006-WA0104-300x200.jpg 300w, https:\/\/vinasfm.com\/noticias\/wp-content\/uploads\/2025\/10\/IMG-20251006-WA0104-768x512.jpg 768w, https:\/\/vinasfm.com\/noticias\/wp-content\/uploads\/2025\/10\/IMG-20251006-WA0104-1536x1023.jpg 1536w, https:\/\/vinasfm.com\/noticias\/wp-content\/uploads\/2025\/10\/IMG-20251006-WA0104.jpg 1600w\" sizes=\"auto, (max-width: 600px) 100vw, 600px\" \/><\/a><\/p>\n","protected":false},"excerpt":{"rendered":"<p>Con una destacada participaci\u00f3n de escritores, artistas y p\u00fablico en general, General Alvear fue sede de la Feria del Libro 2025, &#8230;<\/p>\n","protected":false},"author":7,"featured_media":153642,"comment_status":"open","ping_status":"open","sticky":false,"template":"","format":"standard","meta":{"footnotes":""},"categories":[19,10],"tags":[],"class_list":["post-153641","post","type-post","status-publish","format-standard","has-post-thumbnail","hentry","category-cultura","category-destacadas"],"_links":{"self":[{"href":"https:\/\/vinasfm.com\/noticias\/wp-json\/wp\/v2\/posts\/153641","targetHints":{"allow":["GET"]}}],"collection":[{"href":"https:\/\/vinasfm.com\/noticias\/wp-json\/wp\/v2\/posts"}],"about":[{"href":"https:\/\/vinasfm.com\/noticias\/wp-json\/wp\/v2\/types\/post"}],"author":[{"embeddable":true,"href":"https:\/\/vinasfm.com\/noticias\/wp-json\/wp\/v2\/users\/7"}],"replies":[{"embeddable":true,"href":"https:\/\/vinasfm.com\/noticias\/wp-json\/wp\/v2\/comments?post=153641"}],"version-history":[{"count":2,"href":"https:\/\/vinasfm.com\/noticias\/wp-json\/wp\/v2\/posts\/153641\/revisions"}],"predecessor-version":[{"id":153651,"href":"https:\/\/vinasfm.com\/noticias\/wp-json\/wp\/v2\/posts\/153641\/revisions\/153651"}],"wp:featuredmedia":[{"embeddable":true,"href":"https:\/\/vinasfm.com\/noticias\/wp-json\/wp\/v2\/media\/153642"}],"wp:attachment":[{"href":"https:\/\/vinasfm.com\/noticias\/wp-json\/wp\/v2\/media?parent=153641"}],"wp:term":[{"taxonomy":"category","embeddable":true,"href":"https:\/\/vinasfm.com\/noticias\/wp-json\/wp\/v2\/categories?post=153641"},{"taxonomy":"post_tag","embeddable":true,"href":"https:\/\/vinasfm.com\/noticias\/wp-json\/wp\/v2\/tags?post=153641"}],"curies":[{"name":"wp","href":"https:\/\/api.w.org\/{rel}","templated":true}]}}