{"id":153569,"date":"2025-10-04T10:27:19","date_gmt":"2025-10-04T13:27:19","guid":{"rendered":"https:\/\/vinasfm.com\/noticias\/?p=153569"},"modified":"2025-10-06T10:12:35","modified_gmt":"2025-10-06T13:12:35","slug":"la-fiesta-nacional-de-la-vendimia-2026-ya-tiene-su-imagen","status":"publish","type":"post","link":"https:\/\/vinasfm.com\/noticias\/la-fiesta-nacional-de-la-vendimia-2026-ya-tiene-su-imagen\/","title":{"rendered":"LA FIESTA NACIONAL DE LA VENDIMIA 2026 YA TIENE SU IMAGEN"},"content":{"rendered":"<h4><span style=\"color: #003300;\"><strong>Con el seud\u00f3nimo\u00a0<em>Mate<\/em>, Luz Carrizo, Jonatan Quiroga y Rita Carrizo ganaron el concurso de imagen para promocionar la Fiesta Nacional de la Vendimia 2026.<\/strong><\/span><\/h4>\n<p>A partir del concurso lanzado por el Gobierno de Mendoza para elegir el dise\u00f1o del Sistema de Identidad y Comunicaci\u00f3n Visual que promocionar\u00e1 la<em> Fiesta Nacional de la Vendimia 2026<\/em> \u2013 <strong>90 aniversario y el Calendario Vendimia, el jurado eligi\u00f3 a Luz Carrizo, Jonatan Quiroga y Rita Carrizo, cuya propuesta particip\u00f3 con el seud\u00f3nimo Mate.<\/strong><\/p>\n<p>El viernes 3 de octubre, el jurado evalu\u00f3 los trabajos presentados y eligi\u00f3, por mayor\u00eda, la propuesta ganadora del concurso, que ser\u00e1 responsable de comunicar y publicitar a la fiesta m\u00e1s importante de Mendoza en el pa\u00eds y en el mundo. <strong>Por eso, el premio al ganador es de $6.000.000.<\/strong><\/p>\n<p>El jurado estuvo integrado por Carolina Clavijo, Facundo Piedrafita y Lucas Ravalle por la Subsecretar\u00eda de Cultura:. Jurados invitados especiales: Ricardo Colombano, Edgardo Castro y Luis Sarale. Representante de la Facultad de Artes y Dise\u00f1o de la UNCuyo: Ver\u00f3nica Carbone. Representante por Universidad del Aconcagua: Mar\u00eda Alejandra Ricciardi. Representante por Universidad Champagnat: Hern\u00e1n An\u00edbal Guti\u00e9rrez Cedro. Representante por la Universidad de Mendoza: Leticia Fernanda Paladini. Representantes por sorteo de: Instituto Superior Manuel Belgrano, Instituto Nicol\u00e1s Avellaneda, Fundaci\u00f3n Gutenberg, Instituto Alberto Arias, Instituto de Educaci\u00f3n Superior Tupungato: Mar\u00eda Marta Farr\u00e1s. Representante de ADIMZA (Asociaci\u00f3n de Dise\u00f1adores de Mendoza): Susana Cabrera. Representante de Emetur: Luis Serrano. Y veedor con voz, pero sin voto, designado por la Subsecretar\u00eda: Walter Gazzo.<\/p>\n<p>Tambi\u00e9n estuvo presente la escribana auxiliar de Gobierno de la provincia de Mendoza, Mar\u00eda Viviana Bruno.<\/p>\n<p><strong>Tras analizar con detenimiento las 37 propuestas presentadas, el jurado determin\u00f3, adem\u00e1s, dos menciones especiales en orden de m\u00e9rito: la propuesta Violeto, primera menci\u00f3n; y Vendimiador, segunda.<\/strong><\/p>\n<p><img decoding=\"async\" class=\"aligncenter\" src=\"https:\/\/mza-dicaws-portal-uploads-media-prod.s3.amazonaws.com\/prensa\/uploads\/2025\/10\/DSC_4447-scaled.jpg\" \/><\/p>\n<h2><strong>Sobre los ganadores<\/strong><\/h2>\n<p><span style=\"color: #003366;\"><strong>Rita Carrizo<\/strong><\/span> es egresada de dise\u00f1o gr\u00e1fico de la<em> Universidad Champagnat<\/em>, fot\u00f3grafa e ilustradora. Tiene adem\u00e1s una diplomatura en narrativa transmedia. <span style=\"color: #003366;\"><strong>Jonatan Quiroga<\/strong><\/span> es egresado del<em> Profesorado de Artes Visuales IES 9-010 Rosario Vera Pe\u00f1aloza de San Carlos<\/em>. Tiene adem\u00e1s una diplomatura en Gesti\u00f3n Cultural (UNCuyo); y <span style=\"color: #003366;\"><strong>Luz Carrizo<\/strong><\/span> es egresada del <strong>IES 9-009 de Tupungato<\/strong> y estudiante de la Tecnicatura en Producci\u00f3n Audiovisual de la UNCuyo.<\/p>\n<p>Todos son oriundos de Tunuy\u00e1n.<\/p>\n","protected":false},"excerpt":{"rendered":"<p>Con el seud\u00f3nimo\u00a0Mate, Luz Carrizo, Jonatan Quiroga y Rita Carrizo ganaron el concurso de imagen para promocionar la Fiesta Nacional de &#8230;<\/p>\n","protected":false},"author":7,"featured_media":153570,"comment_status":"open","ping_status":"open","sticky":false,"template":"","format":"standard","meta":{"footnotes":""},"categories":[19,25],"tags":[],"class_list":["post-153569","post","type-post","status-publish","format-standard","has-post-thumbnail","hentry","category-cultura","category-vendimia"],"_links":{"self":[{"href":"https:\/\/vinasfm.com\/noticias\/wp-json\/wp\/v2\/posts\/153569","targetHints":{"allow":["GET"]}}],"collection":[{"href":"https:\/\/vinasfm.com\/noticias\/wp-json\/wp\/v2\/posts"}],"about":[{"href":"https:\/\/vinasfm.com\/noticias\/wp-json\/wp\/v2\/types\/post"}],"author":[{"embeddable":true,"href":"https:\/\/vinasfm.com\/noticias\/wp-json\/wp\/v2\/users\/7"}],"replies":[{"embeddable":true,"href":"https:\/\/vinasfm.com\/noticias\/wp-json\/wp\/v2\/comments?post=153569"}],"version-history":[{"count":3,"href":"https:\/\/vinasfm.com\/noticias\/wp-json\/wp\/v2\/posts\/153569\/revisions"}],"predecessor-version":[{"id":153573,"href":"https:\/\/vinasfm.com\/noticias\/wp-json\/wp\/v2\/posts\/153569\/revisions\/153573"}],"wp:featuredmedia":[{"embeddable":true,"href":"https:\/\/vinasfm.com\/noticias\/wp-json\/wp\/v2\/media\/153570"}],"wp:attachment":[{"href":"https:\/\/vinasfm.com\/noticias\/wp-json\/wp\/v2\/media?parent=153569"}],"wp:term":[{"taxonomy":"category","embeddable":true,"href":"https:\/\/vinasfm.com\/noticias\/wp-json\/wp\/v2\/categories?post=153569"},{"taxonomy":"post_tag","embeddable":true,"href":"https:\/\/vinasfm.com\/noticias\/wp-json\/wp\/v2\/tags?post=153569"}],"curies":[{"name":"wp","href":"https:\/\/api.w.org\/{rel}","templated":true}]}}