{"id":153554,"date":"2025-10-03T11:43:49","date_gmt":"2025-10-03T14:43:49","guid":{"rendered":"https:\/\/vinasfm.com\/noticias\/?p=153554"},"modified":"2025-10-05T23:00:57","modified_gmt":"2025-10-06T02:00:57","slug":"continuan-las-tareas-de-asfalto-ahora-en-la-zona-agricola-de-bowen","status":"publish","type":"post","link":"https:\/\/vinasfm.com\/noticias\/continuan-las-tareas-de-asfalto-ahora-en-la-zona-agricola-de-bowen\/","title":{"rendered":"CONTIN\u00daAN LAS TAREAS DE ASFALTO: AHORA EN LA ZONA AGR\u00cdCOLA DE BOWEN"},"content":{"rendered":"<h4><strong><span style=\"color: #003300;\">Este jueves se llevaron a cabo tareas de asfaltado en la Calle E, entre las arterias 22 y 24, en el coraz\u00f3n de la zona agr\u00edcola de Bowen. Las obras, que forman parte de un plan estrat\u00e9gico para mejorar la infraestructura vial rural, se realizan gracias a un trabajo conjunto entre la Direcci\u00f3n Provincial de Vialidad y la Municipalidad de General Alvear.<\/span><\/strong><\/h4>\n<p>La intervenci\u00f3n contempla un tramo de aproximadamente 1.900 metros y forma parte de una primera etapa de un proyecto mayor que busca reacondicionar caminos rurales claves para la producci\u00f3n agr\u00edcola del departamento.<\/p>\n<p>El <em>secretario de Obras y Servicios P\u00fablicos<\/em>, <span style=\"color: #003366;\"><strong>Emiliano Barbero<\/strong><\/span>, explic\u00f3<strong><em>: \u201cseguimos trabajando en el asfaltado de la parte rural de la ciudad, en conjunto con Vialidad, como bien dec\u00edas. Estamos haciendo el asfaltado de aproximadamente unos 1.900 metros, partiendo desde Calle 25 y atendiendo las necesidades de los vecinos de esta \u00e1rea. Si bien ha quedado un tramo pendiente, el intendente Alejandro Molero ya ha realizado las gestiones necesarias y podemos confirmar que habr\u00e1 una segunda etapa que dar\u00e1 continuidad a estos trabajos\u201d.<\/em><\/strong><\/p>\n<p>Por su parte, el <em>consejero de la Zona Sur de Vialidad Provincial<\/em>,<span style=\"color: #003366;\"><strong> Leonardo Vi\u00f1olo<\/strong><\/span>, destac\u00f3 la magnitud de la obra y la inversi\u00f3n que implic\u00f3 su ejecuci\u00f3n, <strong><em>\u201cesta era una carpeta totalmente deteriorada, pr\u00e1cticamente al borde de la desaparici\u00f3n, y la \u00fanica forma de recuperaci\u00f3n era con una gran inversi\u00f3n. Estamos hablando de casi dos kil\u00f3metros, con una inversi\u00f3n superior a los 350 millones de pesos, realizada con administraci\u00f3n mixta entre la Municipalidad y Vialidad Provincial. Eso nos permite reducir costos significativamente\u201d.<\/em><\/strong><\/p>\n<p>Vi\u00f1olo tambi\u00e9n detall\u00f3 el tipo de trabajo que se est\u00e1 ejecutando: <strong><em>\u201cesta es una primera etapa sobre Calle E, con una carpeta de concreto asf\u00e1ltico en caliente de 4 cent\u00edmetros, que tiene una duraci\u00f3n estimada no menor a 10 a\u00f1os por la calidad del material. El objetivo es seguir interviniendo rutas provinciales que atraviesan sectores productivos y agr\u00edcolas. Ya hicimos trabajos similares en calles J, F, Centenario, y ahora los equipos se est\u00e1n trasladando a la zona del aeropuerto\u201d.<\/em><\/strong><\/p>\n","protected":false},"excerpt":{"rendered":"<p>Este jueves se llevaron a cabo tareas de asfaltado en la Calle E, entre las arterias 22 y 24, en el &#8230;<\/p>\n","protected":false},"author":7,"featured_media":153556,"comment_status":"open","ping_status":"open","sticky":false,"template":"","format":"standard","meta":{"footnotes":""},"categories":[5,29],"tags":[],"class_list":["post-153554","post","type-post","status-publish","format-standard","has-post-thumbnail","hentry","category-actualidad","category-obras-y-servicios"],"_links":{"self":[{"href":"https:\/\/vinasfm.com\/noticias\/wp-json\/wp\/v2\/posts\/153554","targetHints":{"allow":["GET"]}}],"collection":[{"href":"https:\/\/vinasfm.com\/noticias\/wp-json\/wp\/v2\/posts"}],"about":[{"href":"https:\/\/vinasfm.com\/noticias\/wp-json\/wp\/v2\/types\/post"}],"author":[{"embeddable":true,"href":"https:\/\/vinasfm.com\/noticias\/wp-json\/wp\/v2\/users\/7"}],"replies":[{"embeddable":true,"href":"https:\/\/vinasfm.com\/noticias\/wp-json\/wp\/v2\/comments?post=153554"}],"version-history":[{"count":2,"href":"https:\/\/vinasfm.com\/noticias\/wp-json\/wp\/v2\/posts\/153554\/revisions"}],"predecessor-version":[{"id":153558,"href":"https:\/\/vinasfm.com\/noticias\/wp-json\/wp\/v2\/posts\/153554\/revisions\/153558"}],"wp:featuredmedia":[{"embeddable":true,"href":"https:\/\/vinasfm.com\/noticias\/wp-json\/wp\/v2\/media\/153556"}],"wp:attachment":[{"href":"https:\/\/vinasfm.com\/noticias\/wp-json\/wp\/v2\/media?parent=153554"}],"wp:term":[{"taxonomy":"category","embeddable":true,"href":"https:\/\/vinasfm.com\/noticias\/wp-json\/wp\/v2\/categories?post=153554"},{"taxonomy":"post_tag","embeddable":true,"href":"https:\/\/vinasfm.com\/noticias\/wp-json\/wp\/v2\/tags?post=153554"}],"curies":[{"name":"wp","href":"https:\/\/api.w.org\/{rel}","templated":true}]}}