{"id":153548,"date":"2025-10-03T10:52:45","date_gmt":"2025-10-03T13:52:45","guid":{"rendered":"https:\/\/vinasfm.com\/noticias\/?p=153548"},"modified":"2025-10-04T11:58:54","modified_gmt":"2025-10-04T14:58:54","slug":"dante-barroso-el-arquero-vestido-de-heroe-que-llevo-a-la-seleccion-alvearense-a-la-proxima-etapa-de-la-copa-pais","status":"publish","type":"post","link":"https:\/\/vinasfm.com\/noticias\/dante-barroso-el-arquero-vestido-de-heroe-que-llevo-a-la-seleccion-alvearense-a-la-proxima-etapa-de-la-copa-pais\/","title":{"rendered":"DANTE BARROSO EL ARQUERO VESTIDO DE H\u00c9ROE QUE LLEV\u00d3 A LA SELECCI\u00d3N ALVEARENSE A LA PR\u00d3XIMA ETAPA DE LA COPA PA\u00cdS"},"content":{"rendered":"<h4><strong>Dante Barroso, m\u00e1s conocido como \u201cPat\u00f3n\u201d, fue una de las grandes figuras en la clasificaci\u00f3n del seleccionado de General Alvear. Tras un partido dur\u00edsimo, con un rival que los exigi\u00f3 en todo momento, volvi\u00f3 a ser decisivo en la tanda de penales y ahora ya se prepara para enfrentar a Tandil.<\/strong><\/h4>\n<p>Despu\u00e9s de una larga jornada de viaje y un partido intenso, el equipo alvearense logr\u00f3 la clasificaci\u00f3n en una definici\u00f3n por penales donde Dante volvi\u00f3 a mostrar su temple: <em><strong>&#8216;Dios me sigue bendiciendo con triunfos y grandes alegr\u00edas, siempre pido patear el quinto penal porque me siento confiado para definir&#8217;<\/strong><\/em>, expres\u00f3 el arquero.<\/p>\n<p>El encuentro no fue sencillo, la humedad, el cansancio del viaje y la exigencia del rival hicieron que el equipo tuviera que redoblar esfuerzos:<em><strong> &#8216;nos vimos superados en algunos pasajes, pero supimos responder y estar a la altura de las circunstancias&#8217;<\/strong><\/em>, agreg\u00f3.<\/p>\n<p data-start=\"1436\" data-end=\"1706\">Con el pase asegurado, ahora la mirada est\u00e1 puesta en el pr\u00f3ximo desaf\u00edo. El rival ser\u00e1 Tandil, que viene de ganarle a Neuqu\u00e9n como visitante. El primer partido ser\u00e1 en Alvear, y luego definir\u00e1 la serie a m\u00e1s de 1.100 kil\u00f3metros de distancia.<\/p>\n<p data-start=\"1708\" data-end=\"1899\"><em><strong>&#8216;Estamos muy unidos, con un objetivo en com\u00fan que es dejar a Alvear en lo m\u00e1s alto. Este mi\u00e9rcoles queremos que sea una fiesta en la cancha y sentir el empuje de nuestra gente&#8217;. <\/strong><\/em>cerr\u00f3 el arquero.<\/p>\n","protected":false},"excerpt":{"rendered":"<p>Dante Barroso, m\u00e1s conocido como \u201cPat\u00f3n\u201d, fue una de las grandes figuras en la clasificaci\u00f3n del seleccionado de General Alvear. Tras &#8230;<\/p>\n","protected":false},"author":7,"featured_media":153550,"comment_status":"open","ping_status":"open","sticky":false,"template":"","format":"standard","meta":{"footnotes":""},"categories":[5,3],"tags":[],"class_list":["post-153548","post","type-post","status-publish","format-standard","has-post-thumbnail","hentry","category-actualidad","category-deportes"],"_links":{"self":[{"href":"https:\/\/vinasfm.com\/noticias\/wp-json\/wp\/v2\/posts\/153548","targetHints":{"allow":["GET"]}}],"collection":[{"href":"https:\/\/vinasfm.com\/noticias\/wp-json\/wp\/v2\/posts"}],"about":[{"href":"https:\/\/vinasfm.com\/noticias\/wp-json\/wp\/v2\/types\/post"}],"author":[{"embeddable":true,"href":"https:\/\/vinasfm.com\/noticias\/wp-json\/wp\/v2\/users\/7"}],"replies":[{"embeddable":true,"href":"https:\/\/vinasfm.com\/noticias\/wp-json\/wp\/v2\/comments?post=153548"}],"version-history":[{"count":1,"href":"https:\/\/vinasfm.com\/noticias\/wp-json\/wp\/v2\/posts\/153548\/revisions"}],"predecessor-version":[{"id":153551,"href":"https:\/\/vinasfm.com\/noticias\/wp-json\/wp\/v2\/posts\/153548\/revisions\/153551"}],"wp:featuredmedia":[{"embeddable":true,"href":"https:\/\/vinasfm.com\/noticias\/wp-json\/wp\/v2\/media\/153550"}],"wp:attachment":[{"href":"https:\/\/vinasfm.com\/noticias\/wp-json\/wp\/v2\/media?parent=153548"}],"wp:term":[{"taxonomy":"category","embeddable":true,"href":"https:\/\/vinasfm.com\/noticias\/wp-json\/wp\/v2\/categories?post=153548"},{"taxonomy":"post_tag","embeddable":true,"href":"https:\/\/vinasfm.com\/noticias\/wp-json\/wp\/v2\/tags?post=153548"}],"curies":[{"name":"wp","href":"https:\/\/api.w.org\/{rel}","templated":true}]}}