{"id":153544,"date":"2025-10-02T10:29:38","date_gmt":"2025-10-02T13:29:38","guid":{"rendered":"https:\/\/vinasfm.com\/noticias\/?p=153544"},"modified":"2025-10-03T10:59:17","modified_gmt":"2025-10-03T13:59:17","slug":"ganaderos-de-general-alvear-analizan-desafios-productivos-de-cara-al-verano","status":"publish","type":"post","link":"https:\/\/vinasfm.com\/noticias\/ganaderos-de-general-alvear-analizan-desafios-productivos-de-cara-al-verano\/","title":{"rendered":"GANADEROS DE GENERAL ALVEAR ANALIZAN DESAF\u00cdOS PRODUCTIVOS DE CARA AL VERANO"},"content":{"rendered":"<h4><span style=\"color: #003300;\"><strong>Agust\u00edn Fern\u00e1ndez<\/strong>, representante de la <strong>Espec\u00edfica de Ganader\u00eda de la C\u00e1mara de Comercio de General Alvear<\/strong>, se refiri\u00f3 a los principales temas que preocupan al sector y que se est\u00e1n trabajando en conjunto de cara a la nueva temporada.<\/span><\/h4>\n<p>Fern\u00e1ndez explic\u00f3 que el cierre de a\u00f1o encuentra a los productores planificando estrategias para enfrentar el verano, etapa en la que surgen mayores complicaciones en la actividad. Entre los puntos centrales destac\u00f3 el <strong>funcionamiento del acueducto<\/strong>, la necesidad de <strong>mejorar su capacidad y presi\u00f3n de agua<\/strong> y la posibilidad de evaluar obras de ampliaci\u00f3n. <em><strong>\u201cQuiz\u00e1s para esta temporada no lleguemos, pero la idea es trabajar con tiempo para mejorar la infraestructura para el a\u00f1o que viene\u201d<\/strong><\/em>, se\u00f1al\u00f3.<\/p>\n<p>Otro de los ejes planteados fue el debate entre la <strong>energ\u00eda monofilar y la solar<\/strong> para los establecimientos rurales. <strong><em>\u201cLa solar hoy es una alternativa que puede cumplir una funci\u00f3n similar, aunque las inversiones siguen siendo significativas\u201d<\/em><\/strong>, explic\u00f3.<\/p>\n<p>En cuanto a infraestructura vial, Fern\u00e1ndez remarc\u00f3 que las <strong>rutas ganaderas<\/strong> siguen siendo una preocupaci\u00f3n permanente. Si bien se han logrado avances con la disposici\u00f3n de materiales, la ejecuci\u00f3n de las obras contin\u00faa siendo limitada.<\/p>\n<p>Respecto a la situaci\u00f3n comercial, indic\u00f3 que si bien se registraron <strong>movimientos de precios en g\u00f3ndola y mostrador<\/strong>, estos aumentos tardan en trasladarse al productor. <em><strong>\u201cEsperamos que los n\u00fameros se mantengan firmes. La exportaci\u00f3n, sobre todo en la categor\u00eda de vaca de refugio, sigue siendo una alternativa clave para la zona\u201d<\/strong><\/em>, sostuvo.<\/p>\n<p>Finalmente, destac\u00f3 la <strong>firme demanda en remates de reproductores<\/strong>, lo que refleja la inversi\u00f3n privada en gen\u00e9tica, y se\u00f1al\u00f3 el acompa\u00f1amiento del municipio en la promoci\u00f3n de <strong>pasturas y forrajes<\/strong>, principalmente alfalfa, como parte del crecimiento sostenido de la ganader\u00eda local.<\/p>\n","protected":false},"excerpt":{"rendered":"<p>Agust\u00edn Fern\u00e1ndez, representante de la Espec\u00edfica de Ganader\u00eda de la C\u00e1mara de Comercio de General Alvear, se refiri\u00f3 a los principales &#8230;<\/p>\n","protected":false},"author":7,"featured_media":153552,"comment_status":"open","ping_status":"open","sticky":false,"template":"","format":"standard","meta":{"footnotes":""},"categories":[14,24],"tags":[],"class_list":["post-153544","post","type-post","status-publish","format-standard","has-post-thumbnail","hentry","category-agro","category-ganaderia"],"_links":{"self":[{"href":"https:\/\/vinasfm.com\/noticias\/wp-json\/wp\/v2\/posts\/153544","targetHints":{"allow":["GET"]}}],"collection":[{"href":"https:\/\/vinasfm.com\/noticias\/wp-json\/wp\/v2\/posts"}],"about":[{"href":"https:\/\/vinasfm.com\/noticias\/wp-json\/wp\/v2\/types\/post"}],"author":[{"embeddable":true,"href":"https:\/\/vinasfm.com\/noticias\/wp-json\/wp\/v2\/users\/7"}],"replies":[{"embeddable":true,"href":"https:\/\/vinasfm.com\/noticias\/wp-json\/wp\/v2\/comments?post=153544"}],"version-history":[{"count":1,"href":"https:\/\/vinasfm.com\/noticias\/wp-json\/wp\/v2\/posts\/153544\/revisions"}],"predecessor-version":[{"id":153553,"href":"https:\/\/vinasfm.com\/noticias\/wp-json\/wp\/v2\/posts\/153544\/revisions\/153553"}],"wp:featuredmedia":[{"embeddable":true,"href":"https:\/\/vinasfm.com\/noticias\/wp-json\/wp\/v2\/media\/153552"}],"wp:attachment":[{"href":"https:\/\/vinasfm.com\/noticias\/wp-json\/wp\/v2\/media?parent=153544"}],"wp:term":[{"taxonomy":"category","embeddable":true,"href":"https:\/\/vinasfm.com\/noticias\/wp-json\/wp\/v2\/categories?post=153544"},{"taxonomy":"post_tag","embeddable":true,"href":"https:\/\/vinasfm.com\/noticias\/wp-json\/wp\/v2\/tags?post=153544"}],"curies":[{"name":"wp","href":"https:\/\/api.w.org\/{rel}","templated":true}]}}