{"id":153533,"date":"2025-10-03T09:22:56","date_gmt":"2025-10-03T12:22:56","guid":{"rendered":"https:\/\/vinasfm.com\/noticias\/?p=153533"},"modified":"2025-10-03T09:22:56","modified_gmt":"2025-10-03T12:22:56","slug":"el-tercer-juzgado-de-familia-convoca-a-familias-para-la-adopcion-de-un-nino-de-11-anos","status":"publish","type":"post","link":"https:\/\/vinasfm.com\/noticias\/el-tercer-juzgado-de-familia-convoca-a-familias-para-la-adopcion-de-un-nino-de-11-anos\/","title":{"rendered":"EL TERCER JUZGADO DE FAMILIA CONVOCA A FAMILIAS PARA LA ADOPCI\u00d3N DE UN NI\u00d1O DE 11 A\u00d1OS\u00a0"},"content":{"rendered":"<h4><span style=\"color: #003300;\"><strong>El Tercer Juzgado de Familia de General Alvear, a cargo de la Dra. Mar\u00eda In\u00e9s Fern\u00e1ndez, con secretar\u00eda de la Dra. Andrea Gonz\u00e1lez, inform\u00f3 que se encuentra abierta la convocatoria a personas o familias interesadas en brindar un hogar a un ni\u00f1o de 11 a\u00f1os que actualmente reside en una instituci\u00f3n alternativa de la provincia de Mendoza.<\/strong><\/span><\/h4>\n<p>El ni\u00f1o, identificado como <strong>S.<\/strong>, cursa el 5\u00b0 grado en la escuela de su comunidad. <strong>Es activo, disfruta del deporte y participa de entrenamientos de karate y f\u00fatbol dos veces por semana, actividades que lo entusiasman especialmente.<\/strong> Tambi\u00e9n le gustan las salidas al aire libre, el contacto con la naturaleza y ha manifestado inter\u00e9s en aprender rugby.<\/p>\n<p>M\u00e1s all\u00e1 de su energ\u00eda, S. es descrito como un <strong>ni\u00f1o dulce, afectuoso, colaborador y participativo<\/strong>. Actualmente asiste a tratamientos psicol\u00f3gicos y psiqui\u00e1tricos, y ha expresado con claridad su mayor deseo: <strong>tener una familia que lo cuide, lo ame y lo acompa\u00f1e en su crecimiento<\/strong>.<\/p>\n<p>El Equipo Interdisciplinario de Adopci\u00f3n considera que<strong> necesita un hogar con l\u00edmites claros, pero sobre todo con mucho amor, donde pueda desarrollarse, descubrir nuevas habilidades y sentirse valorado cada d\u00eda.<\/strong><\/p>\n<p>Quienes est\u00e9n interesados en asumir el compromiso de convertirse en la familia de S. pueden comunicarse con el <strong>Registro P\u00fablico de Adopci\u00f3n de la provincia de Mendoza<\/strong>, enviando un correo a <strong><a href=\"mailto:rpamendoza@jus.mendoza.gov.ar\">rpamendoza@jus.mendoza.gov.ar<\/a><\/strong> o llamando a los tel\u00e9fonos <strong>0261-4495476 \/ 0261-4498641<\/strong>.<\/p>\n<p>&nbsp;<\/p>\n","protected":false},"excerpt":{"rendered":"<p>El Tercer Juzgado de Familia de General Alvear, a cargo de la Dra. Mar\u00eda In\u00e9s Fern\u00e1ndez, con secretar\u00eda de la Dra. &#8230;<\/p>\n","protected":false},"author":7,"featured_media":153534,"comment_status":"open","ping_status":"open","sticky":false,"template":"","format":"standard","meta":{"footnotes":""},"categories":[1],"tags":[],"class_list":["post-153533","post","type-post","status-publish","format-standard","has-post-thumbnail","hentry","category-fmvinas"],"_links":{"self":[{"href":"https:\/\/vinasfm.com\/noticias\/wp-json\/wp\/v2\/posts\/153533","targetHints":{"allow":["GET"]}}],"collection":[{"href":"https:\/\/vinasfm.com\/noticias\/wp-json\/wp\/v2\/posts"}],"about":[{"href":"https:\/\/vinasfm.com\/noticias\/wp-json\/wp\/v2\/types\/post"}],"author":[{"embeddable":true,"href":"https:\/\/vinasfm.com\/noticias\/wp-json\/wp\/v2\/users\/7"}],"replies":[{"embeddable":true,"href":"https:\/\/vinasfm.com\/noticias\/wp-json\/wp\/v2\/comments?post=153533"}],"version-history":[{"count":1,"href":"https:\/\/vinasfm.com\/noticias\/wp-json\/wp\/v2\/posts\/153533\/revisions"}],"predecessor-version":[{"id":153535,"href":"https:\/\/vinasfm.com\/noticias\/wp-json\/wp\/v2\/posts\/153533\/revisions\/153535"}],"wp:featuredmedia":[{"embeddable":true,"href":"https:\/\/vinasfm.com\/noticias\/wp-json\/wp\/v2\/media\/153534"}],"wp:attachment":[{"href":"https:\/\/vinasfm.com\/noticias\/wp-json\/wp\/v2\/media?parent=153533"}],"wp:term":[{"taxonomy":"category","embeddable":true,"href":"https:\/\/vinasfm.com\/noticias\/wp-json\/wp\/v2\/categories?post=153533"},{"taxonomy":"post_tag","embeddable":true,"href":"https:\/\/vinasfm.com\/noticias\/wp-json\/wp\/v2\/tags?post=153533"}],"curies":[{"name":"wp","href":"https:\/\/api.w.org\/{rel}","templated":true}]}}