{"id":153516,"date":"2025-10-02T11:52:18","date_gmt":"2025-10-02T14:52:18","guid":{"rendered":"https:\/\/vinasfm.com\/noticias\/?p=153516"},"modified":"2025-10-03T10:52:44","modified_gmt":"2025-10-03T13:52:44","slug":"alvear-se-suma-al-octubre-rosa-con-multiples-actividades-de-concientizacion","status":"publish","type":"post","link":"https:\/\/vinasfm.com\/noticias\/alvear-se-suma-al-octubre-rosa-con-multiples-actividades-de-concientizacion\/","title":{"rendered":"ALVEAR SE SUMA AL OCTUBRE ROSA CON M\u00daLTIPLES ACTIVIDADES DE CONCIENTIZACI\u00d3N"},"content":{"rendered":"<h4><span style=\"color: #ff00ff;\"><strong>En di\u00e1logo con FM VI\u00d1AS, representantes del \u00c1rea de la Mujer junto a diversas instituciones locales anunciaron el cronograma de actividades que se desarrollar\u00e1n en el marco del Octubre Rosa, mes dedicado a la prevenci\u00f3n, detecci\u00f3n temprana y tratamiento del c\u00e1ncer de mama.<\/strong><\/span><\/h4>\n<p>La iniciativa cuenta con la participaci\u00f3n del <strong>Hospital Enfermeros Argentinos, el \u00c1rea Departamental de Salud, OSEP, ALCEC y la agrupaci\u00f3n Quimio con Cabello<\/strong>, entre otras entidades.<\/p>\n<p><em><strong>\u201cEl inicio estar\u00e1 marcado por el tradicional T\u00e9 Solidario de ALCEC<\/strong>, que se realizar\u00e1 el pr\u00f3ximo <strong>5 de octubre<\/strong> en el sal\u00f3n de la instituci\u00f3n, con entradas ya casi agotadas. Es un evento que desde hace m\u00e1s de 10 a\u00f1os re\u00fane a la comunidad para dar comienzo a este mes tan significativo\u201d<\/em>, explicaron las organizadoras.<\/p>\n<p>Uno de los puntos centrales ser\u00e1 el <strong>fortalecimiento de los controles preventivos<\/strong>. Gracias al esfuerzo conjunto de ALCEC, el Hospital y el \u00c1rea Sanitaria, se incrementar\u00e1 la disponibilidad de turnos para mamograf\u00edas, lo que permitir\u00e1 <strong>triplicar los estudios realizados habitualmente<\/strong> durante octubre y noviembre.<strong><em> \u201cEs un momento para que todas las mujeres del departamento se acerquen a realizar sus controles, porque la detecci\u00f3n temprana salva vidas\u201d<\/em><\/strong>, subrayaron.<\/p>\n<p>El <strong>19 de octubre<\/strong>, <em>D\u00eda Internacional de la Lucha contra el C\u00e1ncer de Mama<\/em>, se llevar\u00e1 adelante una <strong>caminata de concientizaci\u00f3n<\/strong>. La convocatoria ser\u00e1 a las <strong>18:00 horas frente a OSEP<\/strong>, para luego recorrer Avenida Libertador y formar un lazo rosa en el Monumento al General San Mart\u00edn. La actividad culminar\u00e1 en el Paseo del Artesano, sobre Avenida Alvear Este, donde se realizar\u00e1n n\u00fameros art\u00edsticos, sorteos y entrega de turnos m\u00e9dicos para mamograf\u00edas.<\/p>\n<p>Adem\u00e1s, el <strong>24 de octubre<\/strong>, estudiantes de la <strong>carrera de Artes Visuales del IES<\/strong> realizar\u00e1n un mural colaborativo en el marco de la Semana de las Artes, el cual ser\u00e1 donado a la <strong>Sala de Oncolog\u00eda del Hospital Enfermeros Argentinos<\/strong>. La entrega oficial est\u00e1 prevista para el <strong>27 de octubre a las 11 horas<\/strong>.<\/p>\n<p>Las instituciones organizadoras destacaron que estas acciones no se limitan a un mes: <strong><em>\u201cEl Octubre Rosa es una oportunidad para visibilizar la importancia de la prevenci\u00f3n, pero la detecci\u00f3n temprana y los controles deben mantenerse durante todo el a\u00f1o\u201d.<\/em><\/strong><\/p>\n","protected":false},"excerpt":{"rendered":"<p>En di\u00e1logo con FM VI\u00d1AS, representantes del \u00c1rea de la Mujer junto a diversas instituciones locales anunciaron el cronograma de actividades &#8230;<\/p>\n","protected":false},"author":7,"featured_media":153519,"comment_status":"open","ping_status":"open","sticky":false,"template":"","format":"standard","meta":{"footnotes":""},"categories":[5,10],"tags":[],"class_list":["post-153516","post","type-post","status-publish","format-standard","has-post-thumbnail","hentry","category-actualidad","category-destacadas"],"_links":{"self":[{"href":"https:\/\/vinasfm.com\/noticias\/wp-json\/wp\/v2\/posts\/153516","targetHints":{"allow":["GET"]}}],"collection":[{"href":"https:\/\/vinasfm.com\/noticias\/wp-json\/wp\/v2\/posts"}],"about":[{"href":"https:\/\/vinasfm.com\/noticias\/wp-json\/wp\/v2\/types\/post"}],"author":[{"embeddable":true,"href":"https:\/\/vinasfm.com\/noticias\/wp-json\/wp\/v2\/users\/7"}],"replies":[{"embeddable":true,"href":"https:\/\/vinasfm.com\/noticias\/wp-json\/wp\/v2\/comments?post=153516"}],"version-history":[{"count":1,"href":"https:\/\/vinasfm.com\/noticias\/wp-json\/wp\/v2\/posts\/153516\/revisions"}],"predecessor-version":[{"id":153522,"href":"https:\/\/vinasfm.com\/noticias\/wp-json\/wp\/v2\/posts\/153516\/revisions\/153522"}],"wp:featuredmedia":[{"embeddable":true,"href":"https:\/\/vinasfm.com\/noticias\/wp-json\/wp\/v2\/media\/153519"}],"wp:attachment":[{"href":"https:\/\/vinasfm.com\/noticias\/wp-json\/wp\/v2\/media?parent=153516"}],"wp:term":[{"taxonomy":"category","embeddable":true,"href":"https:\/\/vinasfm.com\/noticias\/wp-json\/wp\/v2\/categories?post=153516"},{"taxonomy":"post_tag","embeddable":true,"href":"https:\/\/vinasfm.com\/noticias\/wp-json\/wp\/v2\/tags?post=153516"}],"curies":[{"name":"wp","href":"https:\/\/api.w.org\/{rel}","templated":true}]}}