{"id":153481,"date":"2025-10-02T08:45:44","date_gmt":"2025-10-02T11:45:44","guid":{"rendered":"https:\/\/vinasfm.com\/noticias\/?p=153481"},"modified":"2025-10-02T11:30:04","modified_gmt":"2025-10-02T14:30:04","slug":"una-capacitacion-sobre-eficiencia-de-riego-reunio-a-mas-de-100-productores","status":"publish","type":"post","link":"https:\/\/vinasfm.com\/noticias\/una-capacitacion-sobre-eficiencia-de-riego-reunio-a-mas-de-100-productores\/","title":{"rendered":"UNA CAPACITACI\u00d3N SOBRE EFICIENCIA DE RIEGO REUNI\u00d3 A M\u00c1S DE 100 PRODUCTORES\u00a0"},"content":{"rendered":"<h4><span style=\"color: #003300;\"><strong>En di\u00e1logo con FM VI\u00d1AS, el Subdelegado de Aguas del R\u00edo Atuel, Santiago del R\u00edo, destac\u00f3 el inicio de una serie de capacitaciones t\u00e9cnicas sobre eficiencia de riego intrafinca, que tuvo lugar este lunes con la participaci\u00f3n de m\u00e1s de un centenar de productores de la regi\u00f3n.<\/strong><\/span><\/h4>\n<p><em><strong>\u201cFue la primera capacitaci\u00f3n t\u00e9cnica, con una concurrencia muy buena. El pr\u00f3ximo lunes habr\u00e1 dos charlas te\u00f3ricas y, dentro de 15 d\u00edas, se realizar\u00e1 la visita a CAMP, en el marco de un programa de asistencia t\u00e9cnica y financiera\u201d<\/strong><\/em>, explic\u00f3 <span style=\"color: #003366;\"><strong>Del R\u00edo.<\/strong><\/span><\/p>\n<p>Durante la jornada tambi\u00e9n se presentaron las l\u00edneas de financiamiento que ofrece el <strong>Consejo Federal de Inversiones (CFI)<\/strong> para la incorporaci\u00f3n de tecnolog\u00edas de riego. Entre los beneficios se destac\u00f3 una <strong>tasa bonificada del 21%<\/strong> para quienes realicen el curso, con plazos de devoluci\u00f3n de hasta 5 a\u00f1os.<\/p>\n<p><strong><em>\u201cHoy el sector agr\u00edcola atraviesa a\u00f1os complicados en cuanto a rentabilidad, y son pocos los entes que prestan dinero a esas tasas. Es una oportunidad interesante para que cada productor eval\u00fae su posibilidad de inversi\u00f3n\u201d<\/em><\/strong>, se\u00f1al\u00f3 el Subdelegado.<\/p>\n<p>Del R\u00edo subray\u00f3 que la incorporaci\u00f3n de tecnolog\u00edas no solo contribuye a mejorar la eficiencia del uso del agua, sino que tambi\u00e9n incrementa la productividad, asegurando protecci\u00f3n contra heladas y optimizando el riego. <strong><em>\u201cTodos los a\u00f1os se incrementa la cantidad de parcelas que incorporan sistemas de riego moderno, lo que permite mejores rendimientos y mayor eficiencia en el manejo del recurso\u201d<\/em><\/strong>, precis\u00f3.<\/p>\n<p>En cuanto a la disponibilidad de agua para la pr\u00f3xima temporada, el funcionario advirti\u00f3 que el panorama es menos alentador que en a\u00f1os anteriores:<em><strong> \u201cEstamos en alrededor de un 50% de precipitaciones en la cordillera, lo que significa que habr\u00e1 bastante menos cantidad de agua. Por eso ya se est\u00e1 trabajando con seccionados y medidas de ahorro para poder afrontar los meses de mayor demanda\u201d.<\/strong><\/em><\/p>\n","protected":false},"excerpt":{"rendered":"<p>En di\u00e1logo con FM VI\u00d1AS, el Subdelegado de Aguas del R\u00edo Atuel, Santiago del R\u00edo, destac\u00f3 el inicio de una serie &#8230;<\/p>\n","protected":false},"author":7,"featured_media":153482,"comment_status":"open","ping_status":"open","sticky":false,"template":"","format":"standard","meta":{"footnotes":""},"categories":[5,37],"tags":[],"class_list":["post-153481","post","type-post","status-publish","format-standard","has-post-thumbnail","hentry","category-actualidad","category-irrigacion"],"_links":{"self":[{"href":"https:\/\/vinasfm.com\/noticias\/wp-json\/wp\/v2\/posts\/153481","targetHints":{"allow":["GET"]}}],"collection":[{"href":"https:\/\/vinasfm.com\/noticias\/wp-json\/wp\/v2\/posts"}],"about":[{"href":"https:\/\/vinasfm.com\/noticias\/wp-json\/wp\/v2\/types\/post"}],"author":[{"embeddable":true,"href":"https:\/\/vinasfm.com\/noticias\/wp-json\/wp\/v2\/users\/7"}],"replies":[{"embeddable":true,"href":"https:\/\/vinasfm.com\/noticias\/wp-json\/wp\/v2\/comments?post=153481"}],"version-history":[{"count":1,"href":"https:\/\/vinasfm.com\/noticias\/wp-json\/wp\/v2\/posts\/153481\/revisions"}],"predecessor-version":[{"id":153483,"href":"https:\/\/vinasfm.com\/noticias\/wp-json\/wp\/v2\/posts\/153481\/revisions\/153483"}],"wp:featuredmedia":[{"embeddable":true,"href":"https:\/\/vinasfm.com\/noticias\/wp-json\/wp\/v2\/media\/153482"}],"wp:attachment":[{"href":"https:\/\/vinasfm.com\/noticias\/wp-json\/wp\/v2\/media?parent=153481"}],"wp:term":[{"taxonomy":"category","embeddable":true,"href":"https:\/\/vinasfm.com\/noticias\/wp-json\/wp\/v2\/categories?post=153481"},{"taxonomy":"post_tag","embeddable":true,"href":"https:\/\/vinasfm.com\/noticias\/wp-json\/wp\/v2\/tags?post=153481"}],"curies":[{"name":"wp","href":"https:\/\/api.w.org\/{rel}","templated":true}]}}