{"id":153468,"date":"2025-10-02T08:12:36","date_gmt":"2025-10-02T11:12:36","guid":{"rendered":"https:\/\/vinasfm.com\/noticias\/?p=153468"},"modified":"2025-10-02T10:01:07","modified_gmt":"2025-10-02T13:01:07","slug":"contingencias-climaticas-abre-la-inscripcion-para-el-fondo-compensador-de-contratistas-de-vinas-y-frutales","status":"publish","type":"post","link":"https:\/\/vinasfm.com\/noticias\/contingencias-climaticas-abre-la-inscripcion-para-el-fondo-compensador-de-contratistas-de-vinas-y-frutales\/","title":{"rendered":"CONTINGENCIAS CLIM\u00c1TICAS ABRE LA INSCRIPCI\u00d3N PARA EL FONDO COMPENSADOR DE CONTRATISTAS DE VI\u00d1AS Y FRUTALES"},"content":{"rendered":"<div class=\"aju\">\n<h4 class=\"aCi\"><span style=\"color: #003300;\"><strong>Hasta el 10 de octubre se encuentra habilitado el sistema para que los contratistas puedan inscribirse en el Fondo Compensador. Para ello deber\u00e1n ingresar en la p\u00e1gina de Contingencias Clim\u00e1ticas y completar los datos solicitados.<\/strong><\/span><\/h4>\n<\/div>\n<div class=\"gs\">\n<div class=\"\">\n<div id=\":1eb\" class=\"ii gt\">\n<div id=\":1ea\" class=\"a3s aiL \">\n<div dir=\"ltr\">\n<p>Como cada a\u00f1o, la Direcci\u00f3n de Contingencias Clim\u00e1ticas abre la inscripci\u00f3n para que los contratistas de vid y frutales puedan adherir al Fondo Compensador<strong>. El periodo para realizar este tr\u00e1mite se extiende hasta el 10 de octubre.Se debe ingresar\u00a0<a href=\"https:\/\/contingencias.mendoza.gov.ar\/web1\/segurocontratistas\/\">a este enlace<\/a>\u00a0y completar una declaraci\u00f3n jurada sobre los cultivos y superficie que trabajan.<\/strong><\/p>\n<div>Para la temporada 2025-2026 <strong>se establece una compensaci\u00f3n de $200.000 por hect\u00e1rea de vid o frutales cuando el da\u00f1o causado por heladas y\/o granizo<\/strong>, equivalga al 100% de la producci\u00f3n y este monto ser\u00e1 actualizado por IPC.<\/div>\n<div><\/div>\n<p>Recibir\u00e1n la compensaci\u00f3n correspondiente los productores cuyos cultivos tengan a partir de 50% de da\u00f1o en sus cultivos.<b><\/b><\/div>\n<h2 dir=\"ltr\"><b>Cuotas y vencimientos<\/b><\/h2>\n<p dir=\"ltr\">El reglamento establece 5 cuotas consecutivas que deber\u00e1n abonarse en su totalidad y en tiempo y forma para quedar bajo la cobertura en caso de contingencias, las\u00a0mismas tambi\u00e9n ser\u00e1n ajustadas seg\u00fan IPC.<strong>Los vencimientos establecidos son los siguientes:<\/strong><\/p>\n<ul>\n<li>1\u00aa\u00a0cuota: 31\/10\/2025<\/li>\n<li>2\u00aa\u00a0cuota: 28\/11\/2025<\/li>\n<li>3\u00aa\u00a0cuota: 30\/12\/2025<\/li>\n<li>4\u00aa\u00a0cuota: 30\/01\/2025<\/li>\n<li>5\u00aa\u00a0cuota: 27\/02\/2025<\/li>\n<\/ul>\n<div>\n<h3><b>Aportes<\/b><\/h3>\n<\/div>\n<div>\n<p>Los aportes est\u00e1n diferenciados por oasis, al igual que para los dem\u00e1s productores asociados al sistema de compensaci\u00f3n.<b>Vid y frutales aporte por hect\u00e1rea<\/b><\/p>\n<\/div>\n<div>\n<p>Centro y Norte $ 8.200.<\/p>\n<p>Este $ 10.300.<\/p>\n<p>Sur $ 12.300.<\/p>\n<\/div>\n<\/div>\n<\/div>\n<\/div>\n<\/div>\n","protected":false},"excerpt":{"rendered":"<p>Hasta el 10 de octubre se encuentra habilitado el sistema para que los contratistas puedan inscribirse en el Fondo Compensador. Para &#8230;<\/p>\n","protected":false},"author":7,"featured_media":153469,"comment_status":"open","ping_status":"open","sticky":false,"template":"","format":"standard","meta":{"footnotes":""},"categories":[14,10],"tags":[],"class_list":["post-153468","post","type-post","status-publish","format-standard","has-post-thumbnail","hentry","category-agro","category-destacadas"],"_links":{"self":[{"href":"https:\/\/vinasfm.com\/noticias\/wp-json\/wp\/v2\/posts\/153468","targetHints":{"allow":["GET"]}}],"collection":[{"href":"https:\/\/vinasfm.com\/noticias\/wp-json\/wp\/v2\/posts"}],"about":[{"href":"https:\/\/vinasfm.com\/noticias\/wp-json\/wp\/v2\/types\/post"}],"author":[{"embeddable":true,"href":"https:\/\/vinasfm.com\/noticias\/wp-json\/wp\/v2\/users\/7"}],"replies":[{"embeddable":true,"href":"https:\/\/vinasfm.com\/noticias\/wp-json\/wp\/v2\/comments?post=153468"}],"version-history":[{"count":1,"href":"https:\/\/vinasfm.com\/noticias\/wp-json\/wp\/v2\/posts\/153468\/revisions"}],"predecessor-version":[{"id":153470,"href":"https:\/\/vinasfm.com\/noticias\/wp-json\/wp\/v2\/posts\/153468\/revisions\/153470"}],"wp:featuredmedia":[{"embeddable":true,"href":"https:\/\/vinasfm.com\/noticias\/wp-json\/wp\/v2\/media\/153469"}],"wp:attachment":[{"href":"https:\/\/vinasfm.com\/noticias\/wp-json\/wp\/v2\/media?parent=153468"}],"wp:term":[{"taxonomy":"category","embeddable":true,"href":"https:\/\/vinasfm.com\/noticias\/wp-json\/wp\/v2\/categories?post=153468"},{"taxonomy":"post_tag","embeddable":true,"href":"https:\/\/vinasfm.com\/noticias\/wp-json\/wp\/v2\/tags?post=153468"}],"curies":[{"name":"wp","href":"https:\/\/api.w.org\/{rel}","templated":true}]}}