{"id":153453,"date":"2025-10-01T11:31:17","date_gmt":"2025-10-01T14:31:17","guid":{"rendered":"https:\/\/vinasfm.com\/noticias\/?p=153453"},"modified":"2025-10-02T09:21:46","modified_gmt":"2025-10-02T12:21:46","slug":"guadalupe-sabio-la-primera-egresada-del-polo-educativo-superior-de-general-alvear","status":"publish","type":"post","link":"https:\/\/vinasfm.com\/noticias\/guadalupe-sabio-la-primera-egresada-del-polo-educativo-superior-de-general-alvear\/","title":{"rendered":"GUADALUPE SABIO, LA PRIMERA EGRESADA DEL POLO EDUCATIVO SUPERIOR DE GENERAL ALVEAR"},"content":{"rendered":"<h4><strong>General Alvear vive un momento trascendental para su desarrollo educativo con la primera egresada del Polo Educativo Superior. Se trata de Guadalupe Sabio, quien culmin\u00f3 la Tecnicatura en Biotecnolog\u00eda y se convirti\u00f3 en la pionera de un espacio pensado para transformar el futuro de los j\u00f3venes alvearenses, acercando la educaci\u00f3n superior al departamento y evitando que deban emigrar en busca de formaci\u00f3n.<\/strong><\/h4>\n<p>El rector de Ugacoop, Carlos Raimondi, destac\u00f3 la importancia de este paso, <em><strong>&#8216;estamos en un nuevo establecimiento que recibe a cientos de estudiantes. Este Polo Educativo es una obra largamente esperada, que ahora debemos aprender a disfrutar y proyectar. Nos genera enormes expectativas y lo importante es que los j\u00f3venes puedan formarse aqu\u00ed, en Alvear<\/strong><\/em>&#8216;.<\/p>\n<p>El Polo Educativo Superior, emplazado en modernas instalaciones, nuclea carreras vinculadas a la innovaci\u00f3n y el desarrollo productivo, como Biotecnolog\u00eda, Mecatr\u00f3nica y Dise\u00f1o de Indumentaria, a las que se sumar\u00e1n Enfermer\u00eda, Higiene y Seguridad y distintos profesorados. El objetivo es consolidar en el departamento una oferta acad\u00e9mica diversificada y de calidad, que d\u00e9 respuesta a las necesidades regionales y ofrezca alternativas concretas de formaci\u00f3n.<\/p>\n<p><strong><span style=\"color: #800080;\">Una historia que inspira<\/span><\/strong><\/p>\n<p>En este marco, Guadalupe Sabio celebr\u00f3 haber alcanzado su meta tras un recorrido con esfuerzo y perseverancia.<\/p>\n<p><em><strong>&#8216;La verdad es que tuve profesores excelentes, que me apoyaron en todo momento. Me cost\u00f3 reincorporarme porque hab\u00eda terminado en 2022, pero finalmente se logr\u00f3. Estoy feliz y agradecida con mi familia, mis amigos y todos los que me acompa\u00f1aron. Estudiar aqu\u00ed fue una experiencia hermosa&#8217;<\/strong><\/em>.<\/p>\n<p>La flamante t\u00e9cnica en Biotecnolog\u00eda valor\u00f3 adem\u00e1s la importancia de la educaci\u00f3n local, <em><strong>&#8216;pensaba irme a San Rafael a estudiar, pero encontr\u00e9 ac\u00e1 una carrera que me abri\u00f3 un abanico enorme de posibilidades&#8217;<\/strong><\/em>.<\/p>\n<p><em><strong>&#8216;La biotecnolog\u00eda, por ejemplo, tiene aplicaciones en m\u00faltiples rubros: salud, microbiolog\u00eda, forense, proyectos de campo. Es una carrera con mucho futuro, y por eso recomiendo a los chicos que se animen a elegir estas propuestas. Lo que se viene es enorme&#8217;<\/strong><\/em>.<\/p>\n<p><strong><span style=\"color: #800080;\">Un paso hacia el futuro<\/span><\/strong><\/p>\n<p>La graduaci\u00f3n de Guadalupe Sabio no solo marca un logro personal, sino que tambi\u00e9n representa un punto de inflexi\u00f3n para General Alvear.<\/p>\n<p>La comuna reafirma as\u00ed su apuesta por la educaci\u00f3n como motor de desarrollo social y productivo, ofreciendo a los j\u00f3venes la posibilidad de formarse sin tener que emigrar, fortaleciendo el arraigo y generando nuevas oportunidades para el territorio.<\/p>\n<p>El Polo Educativo Superior comienza a escribir su historia con un claro mensaje: el conocimiento ya no es un destino lejano, sino un camino posible en el propio General Alvear.<\/p>\n","protected":false},"excerpt":{"rendered":"<p>General Alvear vive un momento trascendental para su desarrollo educativo con la primera egresada del Polo Educativo Superior. Se trata de &#8230;<\/p>\n","protected":false},"author":7,"featured_media":153454,"comment_status":"open","ping_status":"open","sticky":false,"template":"","format":"standard","meta":{"footnotes":""},"categories":[18,196],"tags":[],"class_list":["post-153453","post","type-post","status-publish","format-standard","has-post-thumbnail","hentry","category-educacion","category-ugacoop"],"_links":{"self":[{"href":"https:\/\/vinasfm.com\/noticias\/wp-json\/wp\/v2\/posts\/153453","targetHints":{"allow":["GET"]}}],"collection":[{"href":"https:\/\/vinasfm.com\/noticias\/wp-json\/wp\/v2\/posts"}],"about":[{"href":"https:\/\/vinasfm.com\/noticias\/wp-json\/wp\/v2\/types\/post"}],"author":[{"embeddable":true,"href":"https:\/\/vinasfm.com\/noticias\/wp-json\/wp\/v2\/users\/7"}],"replies":[{"embeddable":true,"href":"https:\/\/vinasfm.com\/noticias\/wp-json\/wp\/v2\/comments?post=153453"}],"version-history":[{"count":1,"href":"https:\/\/vinasfm.com\/noticias\/wp-json\/wp\/v2\/posts\/153453\/revisions"}],"predecessor-version":[{"id":153455,"href":"https:\/\/vinasfm.com\/noticias\/wp-json\/wp\/v2\/posts\/153453\/revisions\/153455"}],"wp:featuredmedia":[{"embeddable":true,"href":"https:\/\/vinasfm.com\/noticias\/wp-json\/wp\/v2\/media\/153454"}],"wp:attachment":[{"href":"https:\/\/vinasfm.com\/noticias\/wp-json\/wp\/v2\/media?parent=153453"}],"wp:term":[{"taxonomy":"category","embeddable":true,"href":"https:\/\/vinasfm.com\/noticias\/wp-json\/wp\/v2\/categories?post=153453"},{"taxonomy":"post_tag","embeddable":true,"href":"https:\/\/vinasfm.com\/noticias\/wp-json\/wp\/v2\/tags?post=153453"}],"curies":[{"name":"wp","href":"https:\/\/api.w.org\/{rel}","templated":true}]}}