{"id":153444,"date":"2025-10-01T10:55:23","date_gmt":"2025-10-01T13:55:23","guid":{"rendered":"https:\/\/vinasfm.com\/noticias\/?p=153444"},"modified":"2025-10-02T09:23:41","modified_gmt":"2025-10-02T12:23:41","slug":"se-viene-el-primer-desafio-del-atuel-y-la-final-del-campeonato-de-mountain-bike","status":"publish","type":"post","link":"https:\/\/vinasfm.com\/noticias\/se-viene-el-primer-desafio-del-atuel-y-la-final-del-campeonato-de-mountain-bike\/","title":{"rendered":"SE VIENE EL PRIMER DESAF\u00cdO DEL ATUEL Y LA FINAL DEL CAMPEONATO DE MOUNTAIN BIKE"},"content":{"rendered":"<h4><strong>Este s\u00e1bado 4 y domingo 5 de octubre, General Alvear ser\u00e1 sede de un evento deportivo sin precedentes: la primera edici\u00f3n del Desaf\u00edo del Atuel y la \u00faltima fecha del Campeonato Alvearense de Mountain Bike.<\/strong><\/h4>\n<p>As\u00ed lo adelantaba <strong><span style=\"color: #993366;\">Alberto \u00abTito\u00bb G\u00f3mez<\/span><\/strong> desde la direcci\u00f3n de deportes de la comuna:<em><strong> &#8216;se dise\u00f1\u00f3 un circuito totalmente nuevo que une lugares emblem\u00e1ticos del departamento, como el Polideportivo, el Tiro Federal, el Club Banco Naci\u00f3n, el Aeroclub, el Camping Municipal y la renovada Costanera con la prolongaci\u00f3n de la avenida Alvear Oeste&#8217;<\/strong><\/em> remarc\u00f3.<\/p>\n<p><strong>La competencia se dividir\u00e1 en dos jornadas:<\/strong><\/p>\n<p><strong><span style=\"color: #993366;\">S\u00e1bado 4 de octubre<\/span><\/strong> \u2192 Festival Infantil de Mountain Bike, con acreditaciones desde las 14 hs y largada a las 15 h.<\/p>\n<p><strong><span style=\"color: #993366;\">Domingo 5 de octubre<\/span><\/strong> \u2192 Carrera de las categor\u00edas mayores, con largada a las 10 hs desde el Polideportivo.<\/p>\n<p>La convocatoria ha superado todas las expectativas, con la confirmaci\u00f3n de ciclistas de renombre como <strong><span style=\"color: #993366;\">Fernando Contreras<\/span><\/strong> (m\u00faltiple campe\u00f3n argentino, reci\u00e9n llegado del Mundial en Suiza), <strong><span style=\"color: #993366;\">In\u00e9s Guti\u00e9rrez<\/span><\/strong>, <strong><span style=\"color: #993366;\">Liliana Poggio<\/span><\/strong> y <strong><span style=\"color: #993366;\">Bruno Contreras<\/span><\/strong>, entre otros destacados competidores nacionales y provinciales.<\/p>\n<p>Se espera la participaci\u00f3n de cerca de 500 corredores, atra\u00eddos tambi\u00e9n por la importante premiaci\u00f3n: $600.000 para el primer puesto de la general, tanto en la rama masculina como femenina, adem\u00e1s de premios para los cinco primeros lugares y la premiaci\u00f3n habitual del campeonato local.<\/p>\n<p>&nbsp;<\/p>\n","protected":false},"excerpt":{"rendered":"<p>Este s\u00e1bado 4 y domingo 5 de octubre, General Alvear ser\u00e1 sede de un evento deportivo sin precedentes: la primera edici\u00f3n &#8230;<\/p>\n","protected":false},"author":7,"featured_media":153449,"comment_status":"open","ping_status":"open","sticky":false,"template":"","format":"standard","meta":{"footnotes":""},"categories":[3,10],"tags":[],"class_list":["post-153444","post","type-post","status-publish","format-standard","has-post-thumbnail","hentry","category-deportes","category-destacadas"],"_links":{"self":[{"href":"https:\/\/vinasfm.com\/noticias\/wp-json\/wp\/v2\/posts\/153444","targetHints":{"allow":["GET"]}}],"collection":[{"href":"https:\/\/vinasfm.com\/noticias\/wp-json\/wp\/v2\/posts"}],"about":[{"href":"https:\/\/vinasfm.com\/noticias\/wp-json\/wp\/v2\/types\/post"}],"author":[{"embeddable":true,"href":"https:\/\/vinasfm.com\/noticias\/wp-json\/wp\/v2\/users\/7"}],"replies":[{"embeddable":true,"href":"https:\/\/vinasfm.com\/noticias\/wp-json\/wp\/v2\/comments?post=153444"}],"version-history":[{"count":2,"href":"https:\/\/vinasfm.com\/noticias\/wp-json\/wp\/v2\/posts\/153444\/revisions"}],"predecessor-version":[{"id":153450,"href":"https:\/\/vinasfm.com\/noticias\/wp-json\/wp\/v2\/posts\/153444\/revisions\/153450"}],"wp:featuredmedia":[{"embeddable":true,"href":"https:\/\/vinasfm.com\/noticias\/wp-json\/wp\/v2\/media\/153449"}],"wp:attachment":[{"href":"https:\/\/vinasfm.com\/noticias\/wp-json\/wp\/v2\/media?parent=153444"}],"wp:term":[{"taxonomy":"category","embeddable":true,"href":"https:\/\/vinasfm.com\/noticias\/wp-json\/wp\/v2\/categories?post=153444"},{"taxonomy":"post_tag","embeddable":true,"href":"https:\/\/vinasfm.com\/noticias\/wp-json\/wp\/v2\/tags?post=153444"}],"curies":[{"name":"wp","href":"https:\/\/api.w.org\/{rel}","templated":true}]}}