{"id":153441,"date":"2025-10-01T10:13:03","date_gmt":"2025-10-01T13:13:03","guid":{"rendered":"https:\/\/vinasfm.com\/noticias\/?p=153441"},"modified":"2025-10-02T09:23:58","modified_gmt":"2025-10-02T12:23:58","slug":"se-realizo-la-charla-hablemos-de-lo-que-duele-guia-para-padres-ante-el-malestar-adolescente","status":"publish","type":"post","link":"https:\/\/vinasfm.com\/noticias\/se-realizo-la-charla-hablemos-de-lo-que-duele-guia-para-padres-ante-el-malestar-adolescente\/","title":{"rendered":"SE REALIZ\u00d3 LA CHARLA \u00abHABLEMOS DE LO QUE DUELE: GU\u00cdA PARA PADRES ANTE EL MALESTAR ADOLESCENTE\u00bb"},"content":{"rendered":"<h4><strong>Ayer por la noche, en la Escuela Carlos Mar\u00eda de Alvear se llev\u00f3 a cabo la charla \u201cHablemos de lo que duele\u201d, destinada a padres y adultos responsables, con el objetivo de brindar herramientas para la prevenci\u00f3n y el acompa\u00f1amiento del malestar adolescente.<\/strong><\/h4>\n<p>La actividad, organizada por la Direcci\u00f3n de Familias de la Municipalidad de General Alvear junto al programa Cont\u00e1 Conmigo del Hospital Enfermeros Argentinos, se desarroll\u00f3 en el marco del mes de la prevenci\u00f3n del suicidio.<\/p>\n<p>Desde la <strong><span style=\"color: #800080;\">Direcci\u00f3n de Familias<\/span><\/strong>, <strong><span style=\"color: #800080;\">Florencia Merlo<\/span><\/strong>, expres\u00f3:<em><strong> &#8216;quer\u00edamos que los padres tambi\u00e9n tuvieran recursos pr\u00e1cticos para acompa\u00f1ar a sus hijos\u201d. Destac\u00f3 adem\u00e1s la buena respuesta del p\u00fablico: \u201cno es f\u00e1cil convocar en este horario, pero la concurrencia fue muy positiva&#8217;<\/strong><\/em>.<\/p>\n<p>Por su parte, <strong><span style=\"color: #800080;\">Abel Pino<\/span><\/strong>, coordinador del <strong><span style=\"color: #800080;\">programa Cont\u00e1 Conmigo<\/span><\/strong>, se\u00f1al\u00f3:<em><strong> &#8216;el malestar en los hijos es un problema de toda la familia, no individual\u201d. Y agreg\u00f3: \u201chay se\u00f1ales de alerta como inasistencias, cambios abruptos de conducta o aislamiento que los padres deben atender&#8217;<\/strong><\/em>.<\/p>\n<p>Durante la jornada se abordaron tem\u00e1ticas como ideaci\u00f3n suicida, autolesiones, gesti\u00f3n emocional, prevenci\u00f3n de adicciones, comunicaci\u00f3n y recursos para situaciones de crisis, poniendo especial \u00e9nfasis en el rol de los adultos como acompa\u00f1antes en los procesos de sus hijos.<\/p>\n<p>La propuesta forma parte de una agenda de actividades preventivas que se vienen desarrollando y que buscan fortalecer el v\u00ednculo entre familia, escuela y comunidad en torno a la salud mental adolescente.<\/p>\n","protected":false},"excerpt":{"rendered":"<p>Ayer por la noche, en la Escuela Carlos Mar\u00eda de Alvear se llev\u00f3 a cabo la charla \u201cHablemos de lo que &#8230;<\/p>\n","protected":false},"author":7,"featured_media":153443,"comment_status":"open","ping_status":"open","sticky":false,"template":"","format":"standard","meta":{"footnotes":""},"categories":[15,11],"tags":[],"class_list":["post-153441","post","type-post","status-publish","format-standard","has-post-thumbnail","hentry","category-salud","category-sociales"],"_links":{"self":[{"href":"https:\/\/vinasfm.com\/noticias\/wp-json\/wp\/v2\/posts\/153441","targetHints":{"allow":["GET"]}}],"collection":[{"href":"https:\/\/vinasfm.com\/noticias\/wp-json\/wp\/v2\/posts"}],"about":[{"href":"https:\/\/vinasfm.com\/noticias\/wp-json\/wp\/v2\/types\/post"}],"author":[{"embeddable":true,"href":"https:\/\/vinasfm.com\/noticias\/wp-json\/wp\/v2\/users\/7"}],"replies":[{"embeddable":true,"href":"https:\/\/vinasfm.com\/noticias\/wp-json\/wp\/v2\/comments?post=153441"}],"version-history":[{"count":1,"href":"https:\/\/vinasfm.com\/noticias\/wp-json\/wp\/v2\/posts\/153441\/revisions"}],"predecessor-version":[{"id":153442,"href":"https:\/\/vinasfm.com\/noticias\/wp-json\/wp\/v2\/posts\/153441\/revisions\/153442"}],"wp:featuredmedia":[{"embeddable":true,"href":"https:\/\/vinasfm.com\/noticias\/wp-json\/wp\/v2\/media\/153443"}],"wp:attachment":[{"href":"https:\/\/vinasfm.com\/noticias\/wp-json\/wp\/v2\/media?parent=153441"}],"wp:term":[{"taxonomy":"category","embeddable":true,"href":"https:\/\/vinasfm.com\/noticias\/wp-json\/wp\/v2\/categories?post=153441"},{"taxonomy":"post_tag","embeddable":true,"href":"https:\/\/vinasfm.com\/noticias\/wp-json\/wp\/v2\/tags?post=153441"}],"curies":[{"name":"wp","href":"https:\/\/api.w.org\/{rel}","templated":true}]}}