{"id":153433,"date":"2025-09-30T19:19:31","date_gmt":"2025-09-30T22:19:31","guid":{"rendered":"https:\/\/vinasfm.com\/noticias\/?p=153433"},"modified":"2025-10-01T11:31:15","modified_gmt":"2025-10-01T14:31:15","slug":"inauguraron-en-general-alvear-un-centro-de-salud-mental-infanto-juvenil","status":"publish","type":"post","link":"https:\/\/vinasfm.com\/noticias\/inauguraron-en-general-alvear-un-centro-de-salud-mental-infanto-juvenil\/","title":{"rendered":"INAUGURARON EN GENERAL ALVEAR UN CENTRO DE SALUD MENTAL INFANTO-JUVENIL"},"content":{"rendered":"<h4><strong>En la ma\u00f1ana de hoy se llev\u00f3 a cabo la inauguraci\u00f3n del Centro Preventivo Asistencial en Salud Mental Infanto Juvenil N\u00b0 10, un espacio fundamental para la atenci\u00f3n integral de ni\u00f1as, ni\u00f1os y adolescentes con patolog\u00edas de salud mental.<\/strong><\/h4>\n<p>El acto estuvo encabezado por el intendente Alejandro Molero y adem\u00e1s estuvieron la Presidenta del Concejo Deliberante Alejandra Torti, el Director del Hospital Enfermeros Argentinos Alejandro Torres y el Coordinador del \u00c1rea Departamental de Salud Marcos Domenech.<\/p>\n<p>De la provincia asistieron: Carina Copparoni Subsecretar\u00eda de Salud, el Director de Salud Mental, Manuel Vilapri\u00f1o y Adriana Dolengiewich, coordinadora de los centros preventivos asistenciales en salud mental Infanto juvenil de la provincia de Mendoza.<\/p>\n<p>Molero destac\u00f3 la relevancia de este nuevo espacio, \u201cestamos inaugurando para los alvearenses un lugar estrat\u00e9gico, pero tambi\u00e9n sumamente necesario. El \u00faltimo centro de este tipo en la provincia se inaugur\u00f3 en 2017, en Tunuy\u00e1n. Desde entonces, no se hab\u00eda creado otro centro de atenci\u00f3n en salud mental infanto-juvenil. Que hoy podamos contar con este espacio en General Alvear, para nosotros como padres y madres, es fundamental\u201d.<\/p>\n<p>Molero detall\u00f3 que el municipio aport\u00f3 el inmueble, su refacci\u00f3n, el mobiliario, y se har\u00e1 cargo del mantenimiento y la limpieza. Por su parte, el Gobierno de Mendoza, a trav\u00e9s de la Direcci\u00f3n Provincial de Salud Mental, destinar\u00e1 ocho profesionales especializados en \u00e1reas como psicolog\u00eda, psiquiatr\u00eda infantil, neurolog\u00eda, trabajo social, fonoaudiolog\u00eda y pediatr\u00eda.<\/p>\n<p>El nuevo centro evitar\u00e1 que las familias alvearenses deban trasladarse a San Rafael o la ciudad de Mendoza para acceder a este tipo de servicios, lo que representa un gran alivio para muchas familias del departamento.<\/p>\n<p>Tambi\u00e9n estuvo presente en el acto Adriana Dolengiewich, coordinadora provincial de los centros preventivos asistenciales en salud mental infanto-juvenil, quien remarc\u00f3 la importancia de contar con este tipo de espacios de atenci\u00f3n temprana.<\/p>\n<p>\u201cEs un centro donde vamos a atender chicos de 0 a 18 a\u00f1os y tambi\u00e9n a sus familias. No exist\u00eda en el departamento un espacio as\u00ed, orientado no solo al tratamiento, sino a la prevenci\u00f3n. Hoy la salud mental es una prioridad que no puede esperar, especialmente despu\u00e9s de la pandemia, que dej\u00f3 secuelas visibles en las infancias\u201d.<\/p>\n<p>Dolengiewich explic\u00f3 que el centro brindar\u00e1 atenci\u00f3n tanto por derivaci\u00f3n de escuelas, centros de salud y hospitales, como por consulta espont\u00e1nea. Adem\u00e1s, ofrecer\u00e1 talleres abiertos a la comunidad, buscando integrar a los chicos en actividades l\u00fadicas, de desarrollo personal y contenci\u00f3n emocional.<\/p>\n<p>\u201cEs un lugar donde se puede venir a jugar, a crecer, a inventar, y tambi\u00e9n a tratarse. Porque detectar y abordar a tiempo una dificultad en la infancia o adolescencia, puede marcar una gran diferencia en el futuro de esa persona\u201d, se\u00f1al\u00f3 la funcionaria.<\/p>\n<p>Por su parte, El Director Provincial de Salud Mental, Manuel Vilapri\u00f1o, tambi\u00e9n acompa\u00f1\u00f3 la inauguraci\u00f3n y resalt\u00f3 la decisi\u00f3n pol\u00edtica de fortalecer el abordaje de la salud mental en Mendoza.<\/p>\n<p>\u201cDespu\u00e9s de d\u00e9cadas en las que la salud mental no fue prioridad, hoy hay una vocaci\u00f3n clara desde el Gobierno provincial. Esto se traduce en presupuesto, recursos y trabajo conjunto, como el que hemos hecho con la Municipalidad de General Alvear\u201d.<\/p>\n<p>Vilapri\u00f1o enfatiz\u00f3 el valor del enfoque interdisciplinario del centro, donde conviven profesionales de distintas disciplinas que trabajan de forma articulada.<\/p>\n<p>\u201cLa interdisciplina no es solo reunir profesionales: es una forma de abordar los casos de manera integral. Todos los especialistas que formar\u00e1n parte del equipo est\u00e1n formados espec\u00edficamente en la tem\u00e1tica y en esta modalidad de trabajo\u201d, explic\u00f3.<\/p>\n<p>Finalmente, destac\u00f3 la calidad del edificio y su r\u00e1pida puesta en funcionamiento: \u201cllegamos a un centro que ya est\u00e1 operativo, listo para recibir a las familias. No es solo una inauguraci\u00f3n simb\u00f3lica: el equipo est\u00e1 conformado, el espacio est\u00e1 preparado, y la atenci\u00f3n comienza desde hoy\u201d.<\/p>\n<p>El nuevo centro no solo ofrecer\u00e1 tratamientos, sino tambi\u00e9n contenci\u00f3n, escucha activa, prevenci\u00f3n y acompa\u00f1amiento a lo largo de todo el proceso de desarrollo de ni\u00f1as, ni\u00f1os y adolescentes. Una herramienta fundamental para construir una comunidad m\u00e1s saludable, emp\u00e1tica y comprometida con el bienestar de sus nuevas generaciones.<\/p>\n","protected":false},"excerpt":{"rendered":"<p>En la ma\u00f1ana de hoy se llev\u00f3 a cabo la inauguraci\u00f3n del Centro Preventivo Asistencial en Salud Mental Infanto Juvenil N\u00b0 &#8230;<\/p>\n","protected":false},"author":7,"featured_media":153434,"comment_status":"open","ping_status":"open","sticky":false,"template":"","format":"standard","meta":{"footnotes":""},"categories":[5,15],"tags":[],"class_list":["post-153433","post","type-post","status-publish","format-standard","has-post-thumbnail","hentry","category-actualidad","category-salud"],"_links":{"self":[{"href":"https:\/\/vinasfm.com\/noticias\/wp-json\/wp\/v2\/posts\/153433","targetHints":{"allow":["GET"]}}],"collection":[{"href":"https:\/\/vinasfm.com\/noticias\/wp-json\/wp\/v2\/posts"}],"about":[{"href":"https:\/\/vinasfm.com\/noticias\/wp-json\/wp\/v2\/types\/post"}],"author":[{"embeddable":true,"href":"https:\/\/vinasfm.com\/noticias\/wp-json\/wp\/v2\/users\/7"}],"replies":[{"embeddable":true,"href":"https:\/\/vinasfm.com\/noticias\/wp-json\/wp\/v2\/comments?post=153433"}],"version-history":[{"count":1,"href":"https:\/\/vinasfm.com\/noticias\/wp-json\/wp\/v2\/posts\/153433\/revisions"}],"predecessor-version":[{"id":153435,"href":"https:\/\/vinasfm.com\/noticias\/wp-json\/wp\/v2\/posts\/153433\/revisions\/153435"}],"wp:featuredmedia":[{"embeddable":true,"href":"https:\/\/vinasfm.com\/noticias\/wp-json\/wp\/v2\/media\/153434"}],"wp:attachment":[{"href":"https:\/\/vinasfm.com\/noticias\/wp-json\/wp\/v2\/media?parent=153433"}],"wp:term":[{"taxonomy":"category","embeddable":true,"href":"https:\/\/vinasfm.com\/noticias\/wp-json\/wp\/v2\/categories?post=153433"},{"taxonomy":"post_tag","embeddable":true,"href":"https:\/\/vinasfm.com\/noticias\/wp-json\/wp\/v2\/tags?post=153433"}],"curies":[{"name":"wp","href":"https:\/\/api.w.org\/{rel}","templated":true}]}}