{"id":153424,"date":"2025-09-30T10:59:17","date_gmt":"2025-09-30T13:59:17","guid":{"rendered":"https:\/\/vinasfm.com\/noticias\/?p=153424"},"modified":"2025-10-01T11:08:32","modified_gmt":"2025-10-01T14:08:32","slug":"la-feria-del-libro-llega-al-mercado-municipal","status":"publish","type":"post","link":"https:\/\/vinasfm.com\/noticias\/la-feria-del-libro-llega-al-mercado-municipal\/","title":{"rendered":"LA FERIA DEL LIBRO LLEGA AL MERCADO MUNICIPAL"},"content":{"rendered":"<p><span style=\"color: #003300;\"><strong>El pr\u00f3ximo viernes 3 y s\u00e1bado 4 de octubre, General Alvear se convertir\u00e1 en epicentro cultural con la realizaci\u00f3n de la Feria del Libro Mendoza 2025, dedicada al gran historietista mendocino Juan Gim\u00e9nez. La cita ser\u00e1 en el Mercado Municipal, con actividades libres y gratuitas para toda la comunidad.<\/strong><\/span><\/p>\n<p>En di\u00e1logo con <span style=\"color: #993366;\"><strong>FM VI\u00d1AS<\/strong><\/span>, la <em>directora de Cultura<\/em>, <span style=\"color: #003366;\"><strong>Mar\u00eda Delia Achetoni<\/strong><\/span>, destac\u00f3 la importancia de este evento: <em>\u201c<strong>El a\u00f1o pasado la feria fue en San Rafael y este a\u00f1o nuestro departamento se colma de libros y literatura. Vamos a encontrarnos con personajes literarios que caminar\u00e1n entre la gente, adem\u00e1s de bibliotecas, asociaciones de escritores, librer\u00edas, editoriales y juegos relacionados con la propuesta literaria\u201d<\/strong><\/em><strong>.<\/strong><\/p>\n<p>Uno de los ejes centrales ser\u00e1 la participaci\u00f3n de escritores alvearenses, en un proyecto editorial que busca acompa\u00f1ar la publicaci\u00f3n de sus obras. <em><strong>\u201cEste a\u00f1o trabajamos con tres autores locales: Daniel De Monte, el Taller La Hoja de Norma Porta y Andr\u00e9s Allende, a quienes queremos dar un gran protagonismo\u201d<\/strong>,<\/em> detall\u00f3 Achetoni.<\/p>\n<p>La feria tambi\u00e9n contar\u00e1 con espect\u00e1culos art\u00edsticos de relevancia nacional en el <strong>Teatro Antonio Lafalla<\/strong>. El <strong>viernes 3 de octubre<\/strong> se presentar\u00e1 <strong>Fabi\u00e1n Vena<\/strong> con una obra unipersonal, mientras que el <strong>s\u00e1bado 4<\/strong> llegar\u00e1 <strong>Nito Mestre<\/strong>, celebrando sus 50 a\u00f1os de trayectoria musical. La entrada a estos shows ser\u00e1 accesible: \u00fanicamente un art\u00edculo escolar, que luego ser\u00e1 destinado a instituciones educativas.<\/p>\n<p><a href=\"https:\/\/vinasfm.com\/noticias\/wp-content\/uploads\/2025\/09\/IMG-20250930-WA0090.jpg\"><img loading=\"lazy\" decoding=\"async\" class=\"alignnone wp-image-153426\" src=\"https:\/\/vinasfm.com\/noticias\/wp-content\/uploads\/2025\/09\/IMG-20250930-WA0090-819x1024.jpg\" alt=\"\" width=\"360\" height=\"450\" srcset=\"https:\/\/vinasfm.com\/noticias\/wp-content\/uploads\/2025\/09\/IMG-20250930-WA0090-819x1024.jpg 819w, https:\/\/vinasfm.com\/noticias\/wp-content\/uploads\/2025\/09\/IMG-20250930-WA0090-240x300.jpg 240w, https:\/\/vinasfm.com\/noticias\/wp-content\/uploads\/2025\/09\/IMG-20250930-WA0090-768x960.jpg 768w, https:\/\/vinasfm.com\/noticias\/wp-content\/uploads\/2025\/09\/IMG-20250930-WA0090-1229x1536.jpg 1229w, https:\/\/vinasfm.com\/noticias\/wp-content\/uploads\/2025\/09\/IMG-20250930-WA0090.jpg 1280w\" sizes=\"auto, (max-width: 360px) 100vw, 360px\" \/><\/a> <a href=\"https:\/\/vinasfm.com\/noticias\/wp-content\/uploads\/2025\/09\/IMG-20250930-WA0091.jpg\"><img loading=\"lazy\" decoding=\"async\" class=\"alignnone wp-image-153425\" src=\"https:\/\/vinasfm.com\/noticias\/wp-content\/uploads\/2025\/09\/IMG-20250930-WA0091-819x1024.jpg\" alt=\"\" width=\"360\" height=\"450\" srcset=\"https:\/\/vinasfm.com\/noticias\/wp-content\/uploads\/2025\/09\/IMG-20250930-WA0091-819x1024.jpg 819w, https:\/\/vinasfm.com\/noticias\/wp-content\/uploads\/2025\/09\/IMG-20250930-WA0091-240x300.jpg 240w, https:\/\/vinasfm.com\/noticias\/wp-content\/uploads\/2025\/09\/IMG-20250930-WA0091-768x961.jpg 768w, https:\/\/vinasfm.com\/noticias\/wp-content\/uploads\/2025\/09\/IMG-20250930-WA0091-1228x1536.jpg 1228w, https:\/\/vinasfm.com\/noticias\/wp-content\/uploads\/2025\/09\/IMG-20250930-WA0091.jpg 1279w\" sizes=\"auto, (max-width: 360px) 100vw, 360px\" \/><\/a><\/p>\n<p>El cronograma en el Mercado Municipal comenzar\u00e1 el <strong>viernes de 10 a 12 y de 15 a 21 horas<\/strong>, y continuar\u00e1 el <strong>s\u00e1bado de 15 a 20 horas<\/strong>. Adem\u00e1s de las presentaciones literarias y teatrales, habr\u00e1 m\u00fasica en vivo con diversos artistas.<\/p>\n<p>Uno de los atractivos ser\u00e1 el <strong>stand de canje de libros<\/strong>, que permitir\u00e1 a los asistentes intercambiar ejemplares en buen estado: <strong><em>\u201cEs una oportunidad para traer un libro ya le\u00eddo y llevarse otro, porque queremos que General Alvear se inunde de letras y de escritura\u201d<\/em><\/strong>, subray\u00f3 Achetoni.<\/p>\n<p>La <strong>Feria del Libro Mendoza 2025 en General Alvear<\/strong> promete ser una verdadera fiesta de la cultura, con propuestas para todas las edades y un mensaje claro: la lectura es un puente que une a la comunidad.<\/p>\n","protected":false},"excerpt":{"rendered":"<p>El pr\u00f3ximo viernes 3 y s\u00e1bado 4 de octubre, General Alvear se convertir\u00e1 en epicentro cultural con la realizaci\u00f3n de la &#8230;<\/p>\n","protected":false},"author":7,"featured_media":153427,"comment_status":"open","ping_status":"open","sticky":false,"template":"","format":"standard","meta":{"footnotes":""},"categories":[5,19],"tags":[],"class_list":["post-153424","post","type-post","status-publish","format-standard","has-post-thumbnail","hentry","category-actualidad","category-cultura"],"_links":{"self":[{"href":"https:\/\/vinasfm.com\/noticias\/wp-json\/wp\/v2\/posts\/153424","targetHints":{"allow":["GET"]}}],"collection":[{"href":"https:\/\/vinasfm.com\/noticias\/wp-json\/wp\/v2\/posts"}],"about":[{"href":"https:\/\/vinasfm.com\/noticias\/wp-json\/wp\/v2\/types\/post"}],"author":[{"embeddable":true,"href":"https:\/\/vinasfm.com\/noticias\/wp-json\/wp\/v2\/users\/7"}],"replies":[{"embeddable":true,"href":"https:\/\/vinasfm.com\/noticias\/wp-json\/wp\/v2\/comments?post=153424"}],"version-history":[{"count":1,"href":"https:\/\/vinasfm.com\/noticias\/wp-json\/wp\/v2\/posts\/153424\/revisions"}],"predecessor-version":[{"id":153428,"href":"https:\/\/vinasfm.com\/noticias\/wp-json\/wp\/v2\/posts\/153424\/revisions\/153428"}],"wp:featuredmedia":[{"embeddable":true,"href":"https:\/\/vinasfm.com\/noticias\/wp-json\/wp\/v2\/media\/153427"}],"wp:attachment":[{"href":"https:\/\/vinasfm.com\/noticias\/wp-json\/wp\/v2\/media?parent=153424"}],"wp:term":[{"taxonomy":"category","embeddable":true,"href":"https:\/\/vinasfm.com\/noticias\/wp-json\/wp\/v2\/categories?post=153424"},{"taxonomy":"post_tag","embeddable":true,"href":"https:\/\/vinasfm.com\/noticias\/wp-json\/wp\/v2\/tags?post=153424"}],"curies":[{"name":"wp","href":"https:\/\/api.w.org\/{rel}","templated":true}]}}