{"id":153401,"date":"2025-09-30T09:00:19","date_gmt":"2025-09-30T12:00:19","guid":{"rendered":"https:\/\/vinasfm.com\/noticias\/?p=153401"},"modified":"2025-09-30T12:07:13","modified_gmt":"2025-09-30T15:07:13","slug":"un-enfoque-integral-contra-el-bullying-con-cambios-normativos-mendoza-busca-educar-a-agresores-y-comprometer-a-las-familias","status":"publish","type":"post","link":"https:\/\/vinasfm.com\/noticias\/un-enfoque-integral-contra-el-bullying-con-cambios-normativos-mendoza-busca-educar-a-agresores-y-comprometer-a-las-familias\/","title":{"rendered":"UN ENFOQUE INTEGRAL CONTRA EL BULLYING: CON CAMBIOS NORMATIVOS, MENDOZA BUSCA EDUCAR A AGRESORES Y COMPROMETER A LAS FAMILIAS"},"content":{"rendered":"<h4><span style=\"color: #003300;\"><strong>El Gobierno de Mendoza ha dado un paso fundamental en la lucha contra el acoso escolar al enviar a la Legislatura un proyecto de ley que propone modificar el C\u00f3digo de Contravenciones para que los padres, madres y tutores sean tambi\u00e9n responsables por los actos de\u00a0<em>bullying<\/em>\u00a0cometidos por sus hijos.<\/strong><\/span><\/h4>\n<p>La medida se acompa\u00f1a de un nuevo <strong>Protocolo de Actuaci\u00f3n para las escuelas<\/strong>, que establece con claridad c\u00f3mo <strong>deben intervenir directivos, docentes y equipos t\u00e9cnicos ante casos de acoso. El objetivo es doble: proteger a las v\u00edctimas de manera inmediata y, al mismo tiempo, prevenir que las situaciones se repitan.<\/strong><\/p>\n<p><span style=\"color: #003366;\"><strong>Tadeo Garc\u00eda Zalazar<\/strong><\/span>, <em>ministro de Educaci\u00f3n<\/em>, se\u00f1al\u00f3: <em><strong>\u201cEl\u00a0bullying\u00a0no es un juego ni una broma pesada. Es violencia que lastima, que deja marcas profundas en nuestros chicos y chicas. Por eso damos este paso: para que la escuela no est\u00e9 sola en este desaf\u00edo: necesitamos familias presentes y corresponsables\u201d.<\/strong><\/em><\/p>\n<h2><strong>Una ley con responsabilidad compartida<\/strong><\/h2>\n<p>El proyecto establece que los adultos responsables podr\u00e1n ser sancionados con trabajo comunitario o multas econ\u00f3micas si no acompa\u00f1an a sus hijos en la correcci\u00f3n de conductas violentas. Tambi\u00e9n prev\u00e9 instancias de mediaci\u00f3n y talleres de parentalidad como herramientas para prevenir la reincidencia.<\/p>\n<p>Se trata de una iniciativa con un enfoque educativo y reparador.<strong> El objetivo no es solo sancionar, sino comprometer a las familias en la crianza y el acompa\u00f1amiento de sus hijos, promoviendo valores de respeto, empat\u00eda y convivencia.<\/strong><\/p>\n<h3><strong>Un protocolo claro para las escuelas<\/strong><\/h3>\n<p>La normativa se complementa con un nuevo protocolo de actuaci\u00f3n actualizado, que ofrece a las instituciones educativas un paso a paso para intervenir ante sospechas o hechos de\u00a0<em>bullying:<\/em><strong>\u00a0desde la identificaci\u00f3n del caso, el registro y la comunicaci\u00f3n con las familias, hasta el plan de acci\u00f3n inmediato, el seguimiento y el cierre del proceso.<\/strong><\/p>\n<p>El documento tambi\u00e9n incluye criterios de gravedad y circuitos de derivaci\u00f3n a equipos t\u00e9cnicos, organismos de protecci\u00f3n de derechos y la Justicia, seg\u00fan corresponda. De esta manera, Mendoza contar\u00e1 con una herramienta integral que brinda seguridad a docentes y familias sobre c\u00f3mo actuar.<\/p>\n<h3><strong>Cuidar a las v\u00edctimas, educar a los agresores, comprometer a las familias<\/strong><\/h3>\n<p>El enfoque combina prevenci\u00f3n, intervenci\u00f3n y\u00a0<em>posvenci\u00f3n<\/em>. Por un lado<strong>, promueve la construcci\u00f3n de una cultura escolar de convivencia, con espacios de participaci\u00f3n y sensibilizaci\u00f3n para estudiantes.<\/strong> Por otro,<strong> protege a las v\u00edctimas y trabaja con los agresores sin estigmatizarlos, fomentando la reparaci\u00f3n y el aprendizaje.<\/strong> Y sobre todo, establece la corresponsabilidad de las familias: sin su compromiso, la escuela sola no puede enfrentar el problema.<\/p>\n<h3><strong>Una pol\u00edtica de Estado frente a una problem\u00e1tica global<\/strong><\/h3>\n<p>El\u00a0<em>bullying<\/em>\u00a0y el\u00a0<em>ciberbullying<\/em>\u00a0son hoy una de las principales preocupaciones de las comunidades educativas en todo el mundo. Mendoza responde con una decisi\u00f3n firme que combina ley, protocolo y compromiso institucional.<\/p>\n<p>Con esta iniciativa, la provincia se propone enviar un mensaje claro: ninguna forma de violencia entre pares ser\u00e1 tolerada. Las escuelas contar\u00e1n con herramientas concretas para actuar y las familias deber\u00e1n asumir el rol que les corresponde en el cuidado y la formaci\u00f3n de sus hijos.<\/p>\n","protected":false},"excerpt":{"rendered":"<p>El Gobierno de Mendoza ha dado un paso fundamental en la lucha contra el acoso escolar al enviar a la Legislatura &#8230;<\/p>\n","protected":false},"author":7,"featured_media":153402,"comment_status":"open","ping_status":"open","sticky":false,"template":"","format":"standard","meta":{"footnotes":""},"categories":[5,10],"tags":[],"class_list":["post-153401","post","type-post","status-publish","format-standard","has-post-thumbnail","hentry","category-actualidad","category-destacadas"],"_links":{"self":[{"href":"https:\/\/vinasfm.com\/noticias\/wp-json\/wp\/v2\/posts\/153401","targetHints":{"allow":["GET"]}}],"collection":[{"href":"https:\/\/vinasfm.com\/noticias\/wp-json\/wp\/v2\/posts"}],"about":[{"href":"https:\/\/vinasfm.com\/noticias\/wp-json\/wp\/v2\/types\/post"}],"author":[{"embeddable":true,"href":"https:\/\/vinasfm.com\/noticias\/wp-json\/wp\/v2\/users\/7"}],"replies":[{"embeddable":true,"href":"https:\/\/vinasfm.com\/noticias\/wp-json\/wp\/v2\/comments?post=153401"}],"version-history":[{"count":1,"href":"https:\/\/vinasfm.com\/noticias\/wp-json\/wp\/v2\/posts\/153401\/revisions"}],"predecessor-version":[{"id":153403,"href":"https:\/\/vinasfm.com\/noticias\/wp-json\/wp\/v2\/posts\/153401\/revisions\/153403"}],"wp:featuredmedia":[{"embeddable":true,"href":"https:\/\/vinasfm.com\/noticias\/wp-json\/wp\/v2\/media\/153402"}],"wp:attachment":[{"href":"https:\/\/vinasfm.com\/noticias\/wp-json\/wp\/v2\/media?parent=153401"}],"wp:term":[{"taxonomy":"category","embeddable":true,"href":"https:\/\/vinasfm.com\/noticias\/wp-json\/wp\/v2\/categories?post=153401"},{"taxonomy":"post_tag","embeddable":true,"href":"https:\/\/vinasfm.com\/noticias\/wp-json\/wp\/v2\/tags?post=153401"}],"curies":[{"name":"wp","href":"https:\/\/api.w.org\/{rel}","templated":true}]}}